{"id":7135,"date":"2026-04-28T14:46:00","date_gmt":"2026-04-28T12:46:00","guid":{"rendered":"https:\/\/www.trouville.fr\/bibliotheque\/?p=7135"},"modified":"2026-03-14T14:53:05","modified_gmt":"2026-03-14T13:53:05","slug":"la-chair-du-monde-de-jean-marc-rochette","status":"publish","type":"post","link":"https:\/\/www.trouville.fr\/bibliotheque\/la-chair-du-monde-de-jean-marc-rochette\/","title":{"rendered":"La chair du monde de Jean-Marc Rochette"},"content":{"rendered":"<div class=\"wp-block-image is-style-default\">\n<figure class=\"aligncenter size-full is-resized\"><img fetchpriority=\"high\" decoding=\"async\" width=\"800\" height=\"1085\" src=\"https:\/\/www.trouville.fr\/bibliotheque\/wp-content\/uploads\/2026\/03\/chair-du-monde.jpg\" alt=\"\" class=\"wp-image-7136\" style=\"width:272px;height:389px\" srcset=\"https:\/\/www.trouville.fr\/bibliotheque\/wp-content\/uploads\/2026\/03\/chair-du-monde.jpg 800w, https:\/\/www.trouville.fr\/bibliotheque\/wp-content\/uploads\/2026\/03\/chair-du-monde-369x500.jpg 369w, https:\/\/www.trouville.fr\/bibliotheque\/wp-content\/uploads\/2026\/03\/chair-du-monde-755x1024.jpg 755w, https:\/\/www.trouville.fr\/bibliotheque\/wp-content\/uploads\/2026\/03\/chair-du-monde-768x1042.jpg 768w\" sizes=\"(max-width: 800px) 100vw, 800px\" \/><figcaption class=\"wp-element-caption\">Allary \u00e9ditions &#8211; 2025<\/figcaption><\/figure>\n<\/div>\n\n\n<p><\/p>\n\n\n\n<blockquote class=\"wp-block-quote is-layout-flow wp-block-quote-is-layout-flow\">\n<p>Jean-Marc Rochette, auteur de bandes dessin\u00e9es et peintre, nous parle de sa vie dans les Ecrins, dans une vall\u00e9e ferm\u00e9e 6 mois de l\u2019ann\u00e9e en raison de la neige. Sous la forme d\u2019entretiens, avec le journaliste Adrien Rivierre, il nous livre sa philosophie de vie dans un environnement extr\u00eame qu\u2019il conna\u00eet bien. Il vit, \u00e9crit, dessine et peint dans cette nature sauvage qui le bouleverse, loin de la fureur du monde.<\/p>\n<\/blockquote>\n","protected":false},"excerpt":{"rendered":"<p>Jean-Marc Rochette, auteur de bandes dessin\u00e9es et peintre, nous parle de sa vie dans les Ecrins, dans une vall\u00e9e ferm\u00e9e 6 mois de l\u2019ann\u00e9e en raison de la neige. Sous la forme d\u2019entretiens, avec le journaliste Adrien Rivierre, il nous livre sa philosophie de vie dans un environnement extr\u00eame qu\u2019il conna\u00eet bien. Il vit, \u00e9crit, [&hellip;]<\/p>\n","protected":false},"author":2,"featured_media":7136,"comment_status":"closed","ping_status":"closed","sticky":false,"template":"","format":"standard","meta":{"ocean_post_layout":"","ocean_both_sidebars_style":"","ocean_both_sidebars_content_width":0,"ocean_both_sidebars_sidebars_width":0,"ocean_sidebar":"0","ocean_second_sidebar":"0","ocean_disable_margins":"enable","ocean_add_body_class":"","ocean_shortcode_before_top_bar":"","ocean_shortcode_after_top_bar":"","ocean_shortcode_before_header":"","ocean_shortcode_after_header":"","ocean_has_shortcode":"","ocean_shortcode_after_title":"","ocean_shortcode_before_footer_widgets":"","ocean_shortcode_after_footer_widgets":"","ocean_shortcode_before_footer_bottom":"","ocean_shortcode_after_footer_bottom":"","ocean_display_top_bar":"default","ocean_display_header":"default","ocean_header_style":"","ocean_center_header_left_menu":"0","ocean_custom_header_template":"0","ocean_custom_logo":0,"ocean_custom_retina_logo":0,"ocean_custom_logo_max_width":0,"ocean_custom_logo_tablet_max_width":0,"ocean_custom_logo_mobile_max_width":0,"ocean_custom_logo_max_height":0,"ocean_custom_logo_tablet_max_height":0,"ocean_custom_logo_mobile_max_height":0,"ocean_header_custom_menu":"0","ocean_menu_typo_font_family":"0","ocean_menu_typo_font_subset":"","ocean_menu_typo_font_size":0,"ocean_menu_typo_font_size_tablet":0,"ocean_menu_typo_font_size_mobile":0,"ocean_menu_typo_font_size_unit":"px","ocean_menu_typo_font_weight":"","ocean_menu_typo_font_weight_tablet":"","ocean_menu_typo_font_weight_mobile":"","ocean_menu_typo_transform":"","ocean_menu_typo_transform_tablet":"","ocean_menu_typo_transform_mobile":"","ocean_menu_typo_line_height":0,"ocean_menu_typo_line_height_tablet":0,"ocean_menu_typo_line_height_mobile":0,"ocean_menu_typo_line_height_unit":"","ocean_menu_typo_spacing":0,"ocean_menu_typo_spacing_tablet":0,"ocean_menu_typo_spacing_mobile":0,"ocean_menu_typo_spacing_unit":"","ocean_menu_link_color":"","ocean_menu_link_color_hover":"","ocean_menu_link_color_active":"","ocean_menu_link_background":"","ocean_menu_link_hover_background":"","ocean_menu_link_active_background":"","ocean_menu_social_links_bg":"","ocean_menu_social_hover_links_bg":"","ocean_menu_social_links_color":"","ocean_menu_social_hover_links_color":"","ocean_disable_title":"default","ocean_disable_heading":"default","ocean_post_title":"","ocean_post_subheading":"","ocean_post_title_style":"","ocean_post_title_background_color":"","ocean_post_title_background":0,"ocean_post_title_bg_image_position":"","ocean_post_title_bg_image_attachment":"","ocean_post_title_bg_image_repeat":"","ocean_post_title_bg_image_size":"","ocean_post_title_height":0,"ocean_post_title_bg_overlay":0.5,"ocean_post_title_bg_overlay_color":"","ocean_disable_breadcrumbs":"default","ocean_breadcrumbs_color":"","ocean_breadcrumbs_separator_color":"","ocean_breadcrumbs_links_color":"","ocean_breadcrumbs_links_hover_color":"","ocean_display_footer_widgets":"default","ocean_display_footer_bottom":"default","ocean_custom_footer_template":"0","ocean_post_oembed":"","ocean_post_self_hosted_media":"","ocean_post_video_embed":"","ocean_link_format":"","ocean_link_format_target":"self","ocean_quote_format":"","ocean_quote_format_link":"post","ocean_gallery_link_images":"off","ocean_gallery_id":[],"footnotes":""},"categories":[3,139],"tags":[],"class_list":["post-7135","post","type-post","status-publish","format-standard","has-post-thumbnail","hentry","category-coups-de-coeur","category-marie","entry","has-media"],"_links":{"self":[{"href":"https:\/\/www.trouville.fr\/bibliotheque\/wp-json\/wp\/v2\/posts\/7135","targetHints":{"allow":["GET"]}}],"collection":[{"href":"https:\/\/www.trouville.fr\/bibliotheque\/wp-json\/wp\/v2\/posts"}],"about":[{"href":"https:\/\/www.trouville.fr\/bibliotheque\/wp-json\/wp\/v2\/types\/post"}],"author":[{"embeddable":true,"href":"https:\/\/www.trouville.fr\/bibliotheque\/wp-json\/wp\/v2\/users\/2"}],"replies":[{"embeddable":true,"href":"https:\/\/www.trouville.fr\/bibliotheque\/wp-json\/wp\/v2\/comments?post=7135"}],"version-history":[{"count":1,"href":"https:\/\/www.trouville.fr\/bibliotheque\/wp-json\/wp\/v2\/posts\/7135\/revisions"}],"predecessor-version":[{"id":7137,"href":"https:\/\/www.trouville.fr\/bibliotheque\/wp-json\/wp\/v2\/posts\/7135\/revisions\/7137"}],"wp:featuredmedia":[{"embeddable":true,"href":"https:\/\/www.trouville.fr\/bibliotheque\/wp-json\/wp\/v2\/media\/7136"}],"wp:attachment":[{"href":"https:\/\/www.trouville.fr\/bibliotheque\/wp-json\/wp\/v2\/media?parent=7135"}],"wp:term":[{"taxonomy":"category","embeddable":true,"href":"https:\/\/www.trouville.fr\/bibliotheque\/wp-json\/wp\/v2\/categories?post=7135"},{"taxonomy":"post_tag","embeddable":true,"href":"https:\/\/www.trouville.fr\/bibliotheque\/wp-json\/wp\/v2\/tags?post=7135"}],"curies":[{"name":"wp","href":"https:\/\/api.w.org\/{rel}","templated":true}]}}