{"id":1244,"date":"2021-02-01T14:40:00","date_gmt":"2021-02-01T13:40:00","guid":{"rendered":"https:\/\/www.trouville.fr\/BM\/?p=1244"},"modified":"2021-05-21T15:23:03","modified_gmt":"2021-05-21T13:23:03","slug":"les-anciens-coups-de-coeur","status":"publish","type":"post","link":"https:\/\/www.trouville.fr\/bibliotheque\/les-anciens-coups-de-coeur\/","title":{"rendered":"Les \u00ab\u00a0anciens\u00a0\u00bb coups de coeur"},"content":{"rendered":"\n<div class=\"wp-block-cover alignwide has-background-dim is-position-center-center uag-hide-tab uag-hide-mob\" style=\"min-height:375px;aspect-ratio:unset;\"><img fetchpriority=\"high\" decoding=\"async\" width=\"1920\" height=\"400\" class=\"wp-block-cover__image-background wp-image-1245\" alt=\"\" src=\"https:\/\/www.trouville.fr\/bibliotheque\/wp-content\/uploads\/2021\/03\/Les-anciens-coups-de-coeur.jpg\" style=\"object-position:49% 60%\" data-object-fit=\"cover\" data-object-position=\"49% 60%\" srcset=\"https:\/\/www.trouville.fr\/bibliotheque\/wp-content\/uploads\/2021\/03\/Les-anciens-coups-de-coeur.jpg 1920w, https:\/\/www.trouville.fr\/bibliotheque\/wp-content\/uploads\/2021\/03\/Les-anciens-coups-de-coeur-500x104.jpg 500w, https:\/\/www.trouville.fr\/bibliotheque\/wp-content\/uploads\/2021\/03\/Les-anciens-coups-de-coeur-768x160.jpg 768w, https:\/\/www.trouville.fr\/bibliotheque\/wp-content\/uploads\/2021\/03\/Les-anciens-coups-de-coeur-1024x213.jpg 1024w, https:\/\/www.trouville.fr\/bibliotheque\/wp-content\/uploads\/2021\/03\/Les-anciens-coups-de-coeur-1536x320.jpg 1536w\" sizes=\"(max-width: 1920px) 100vw, 1920px\" \/><div class=\"wp-block-cover__inner-container is-layout-flow wp-block-cover-is-layout-flow\">\n<p class=\"has-text-align-center has-text-color\" style=\"color:#fffffa;font-size:74px;line-height:1.1\"><\/p>\n<\/div><\/div>\n\n\n\n<p>Retrouvez ici tous les coups de c\u0153ur de notre ancien site internet.<\/p>\n\n\n\n<div class=\"wp-block-pb-accordion-item c-accordion__item js-accordion-item no-js width : 80%\" data-initially-open=\"false\" data-click-to-close=\"true\" data-auto-close=\"true\" data-scroll=\"false\" data-scroll-offset=\"0\"><h2 id=\"at-12440\" class=\"c-accordion__title js-accordion-controller\" role=\"button\">Les coups de c\u0153ur de Laurence<\/h2><div id=\"ac-12440\" class=\"c-accordion__content\">\n<div class=\"wp-block-group alignwide\"><div class=\"wp-block-group__inner-container is-layout-flow wp-block-group-is-layout-flow\">\n<div class=\"wp-block-columns alignwide are-vertically-aligned-center is-layout-flex wp-container-core-columns-is-layout-9d6595d7 wp-block-columns-is-layout-flex\">\n<div class=\"wp-block-column is-vertically-aligned-center is-layout-flow wp-block-column-is-layout-flow\" style=\"flex-basis:10%\">\n<div class=\"wp-block-group\"><div class=\"wp-block-group__inner-container is-layout-flow wp-block-group-is-layout-flow\">\n<div class=\"wp-block-group\"><div class=\"wp-block-group__inner-container is-layout-flow wp-block-group-is-layout-flow\">\n<div class=\"wp-block-image\"><figure class=\"aligncenter size-large\"><img decoding=\"async\" width=\"95\" height=\"120\" src=\"https:\/\/www.trouville.fr\/bibliotheque\/wp-content\/uploads\/2021\/03\/paris_match.jpg\" alt=\"\" class=\"wp-image-1304\"\/><figcaption>Michel Lafon &#8211; 2019<\/figcaption><\/figure><\/div>\n<\/div><\/div>\n<\/div><\/div>\n<\/div>\n\n\n\n<div class=\"wp-block-column is-vertically-aligned-center is-layout-flow wp-block-column-is-layout-flow\" style=\"flex-basis:90%\">\n<div class=\"wp-block-group\"><div class=\"wp-block-group__inner-container is-layout-flow wp-block-group-is-layout-flow\">\n<h4 class=\"wp-block-heading\">Paris Match : 70 ans &#8211; 1949-2019<\/h4>\n<\/div><\/div>\n\n\n\n<div class=\"wp-block-group\"><div class=\"wp-block-group__inner-container is-layout-flow wp-block-group-is-layout-flow\">\n<blockquote class=\"wp-block-quote is-style-default is-layout-flow wp-block-quote-is-layout-flow\"><p>Nul besoin d&rsquo;\u00eatre fan du c\u00e9l\u00e8bre magazine au fameux slogan \u00ab\u00a0le poids des mots, le choc des photos\u00a0\u00bb, pour plonger dans ce beau livre au format XXL ! Il liste et r\u00e9pertorie, telle une revue de presse g\u00e9ante, les \u00e9v\u00e9nements majeurs des 70 derni\u00e8res ann\u00e9es : actualit\u00e9, g\u00e9opolitique, faits divers, sport, show-biz, mode et gotha\u2026<br>Un beau livre \u00e0 feuilleter, pendant la lecture duquel plus d&rsquo;un dira \u00ab\u00a0ah oui c&rsquo;est vrai, il s&rsquo;\u00e9tait pass\u00e9 \u00e7a cette ann\u00e9e-l\u00e0 !\u00a0\u00bb<\/p><\/blockquote>\n<\/div><\/div>\n<\/div>\n<\/div>\n\n\n\n<div class=\"wp-block-columns alignwide are-vertically-aligned-center is-layout-flex wp-container-core-columns-is-layout-9d6595d7 wp-block-columns-is-layout-flex\">\n<div class=\"wp-block-column is-vertically-aligned-center is-layout-flow wp-block-column-is-layout-flow\" style=\"flex-basis:10%\">\n<div class=\"wp-block-group\"><div class=\"wp-block-group__inner-container is-layout-flow wp-block-group-is-layout-flow\">\n<div class=\"wp-block-group\"><div class=\"wp-block-group__inner-container is-layout-flow wp-block-group-is-layout-flow\">\n<div class=\"wp-block-image\"><figure class=\"aligncenter size-large\"><img decoding=\"async\" width=\"95\" height=\"118\" src=\"https:\/\/www.trouville.fr\/bibliotheque\/wp-content\/uploads\/2021\/03\/fabuleuse-histoire.jpg\" alt=\"\" class=\"wp-image-1295\"\/><figcaption>Arthaud &#8211; 2018<\/figcaption><\/figure><\/div>\n<\/div><\/div>\n<\/div><\/div>\n<\/div>\n\n\n\n<div class=\"wp-block-column is-vertically-aligned-center is-layout-flow wp-block-column-is-layout-flow\" style=\"flex-basis:90%\">\n<div class=\"wp-block-group\"><div class=\"wp-block-group__inner-container is-layout-flow wp-block-group-is-layout-flow\">\n<h4 class=\"wp-block-heading\">La fabuleuse histoire de Guirec et Monique<br>Guirec Soud\u00e9e<\/h4>\n<\/div><\/div>\n\n\n\n<div class=\"wp-block-group\"><div class=\"wp-block-group__inner-container is-layout-flow wp-block-group-is-layout-flow\">\n<blockquote class=\"wp-block-quote is-style-default is-layout-flow wp-block-quote-is-layout-flow\"><p>Guirec, jeune navigateur breton de 24 ans, parcourt les oc\u00e9ans, et raconte dans un carnet de bord joyeusement illustr\u00e9 et document\u00e9 sa vie \u00e0 bord, en compagnie, de Monique. Ce qui rend ce p\u00e9riple original et unique, c&rsquo;est que Monique est\u2026 une poule !<br>Embarquez avec Guirec et Monique pour un voyage maritime peupl\u00e9 d&rsquo;aventures, de joies, de peurs, de doutes, de rencontres humaines profond\u00e9ment touchantes.<br>L&rsquo;exploit accompli par ce jeune homme est aussi l&rsquo;occasion d&rsquo;un hymne \u00e0 la protection des oc\u00e9ans et de la plan\u00e8te en g\u00e9n\u00e9ral.<\/p><\/blockquote>\n<\/div><\/div>\n<\/div>\n<\/div>\n\n\n\n<div class=\"wp-block-columns alignwide are-vertically-aligned-center is-layout-flex wp-container-core-columns-is-layout-9d6595d7 wp-block-columns-is-layout-flex\">\n<div class=\"wp-block-column is-vertically-aligned-center is-layout-flow wp-block-column-is-layout-flow\" style=\"flex-basis:10%\">\n<div class=\"wp-block-group\"><div class=\"wp-block-group__inner-container is-layout-flow wp-block-group-is-layout-flow\">\n<div class=\"wp-block-group\"><div class=\"wp-block-group__inner-container is-layout-flow wp-block-group-is-layout-flow\">\n<div class=\"wp-block-image\"><figure class=\"aligncenter size-large\"><img loading=\"lazy\" decoding=\"async\" width=\"95\" height=\"150\" src=\"https:\/\/www.trouville.fr\/bibliotheque\/wp-content\/uploads\/2021\/03\/coree_du_nord.jpg\" alt=\"\" class=\"wp-image-1291\"\/><figcaption>Fayard &#8211; 2014<\/figcaption><\/figure><\/div>\n<\/div><\/div>\n<\/div><\/div>\n<\/div>\n\n\n\n<div class=\"wp-block-column is-vertically-aligned-center is-layout-flow wp-block-column-is-layout-flow\" style=\"flex-basis:90%\">\n<div class=\"wp-block-group\"><div class=\"wp-block-group__inner-container is-layout-flow wp-block-group-is-layout-flow\">\n<h4 class=\"wp-block-heading\">Cor\u00e9e du Nord<br>St\u00e9phane Gladieu<\/h4>\n<\/div><\/div>\n\n\n\n<div class=\"wp-block-group\"><div class=\"wp-block-group__inner-container is-layout-flow wp-block-group-is-layout-flow\">\n<blockquote class=\"wp-block-quote is-style-default is-layout-flow wp-block-quote-is-layout-flow\"><p>Impossible de passer devant ce livre sans \u00eatre d\u00e9j\u00e0 interpell\u00e9 par la couverture !<br>Les photos stup\u00e9fiantes de St\u00e9phan Gladieu nous plongent dans un univers jusque l\u00e0 inconnu : il a pu photographier dans les rues, sur leurs lieux de travail et dans des espaces de loisirs des Nord-Cor\u00e9ens d&rsquo;aujourd&rsquo;hui. Cherchant \u00e0 atteindre la perfection, dans un pays totalitaire qui ne souffre ni la dissidence ni la m\u00e9diocrit\u00e9, l&rsquo;image que chaque citoyen souhaite refl\u00e9ter semble tout droit sortie d&rsquo;un film ou d&rsquo;un roman-photo, donnant \u00e0 l&rsquo;ensemble une touche aussi factice qu&rsquo;esth\u00e9tique.<br>Un livre de photos fascinant qu&rsquo;il est difficile de l\u00e2cher. Le petit texte \u00e0 la fin de l&rsquo;ouvrage explicite le projet du photographe et la fa\u00e7on dont il a travaill\u00e9.<\/p><\/blockquote>\n<\/div><\/div>\n<\/div>\n<\/div>\n\n\n\n<div class=\"wp-block-columns alignwide are-vertically-aligned-center is-layout-flex wp-container-core-columns-is-layout-9d6595d7 wp-block-columns-is-layout-flex\">\n<div class=\"wp-block-column is-vertically-aligned-center is-layout-flow wp-block-column-is-layout-flow\" style=\"flex-basis:10%\">\n<div class=\"wp-block-group\"><div class=\"wp-block-group__inner-container is-layout-flow wp-block-group-is-layout-flow\">\n<div class=\"wp-block-group\"><div class=\"wp-block-group__inner-container is-layout-flow wp-block-group-is-layout-flow\">\n<div class=\"wp-block-image\"><figure class=\"aligncenter size-large\"><img loading=\"lazy\" decoding=\"async\" width=\"95\" height=\"126\" src=\"https:\/\/www.trouville.fr\/bibliotheque\/wp-content\/uploads\/2021\/03\/in_waves.jpg\" alt=\"\" class=\"wp-image-1298\"\/><figcaption>Casterman &#8211; 2019<\/figcaption><\/figure><\/div>\n<\/div><\/div>\n<\/div><\/div>\n<\/div>\n\n\n\n<div class=\"wp-block-column is-vertically-aligned-center is-layout-flow wp-block-column-is-layout-flow\" style=\"flex-basis:90%\">\n<div class=\"wp-block-group\"><div class=\"wp-block-group__inner-container is-layout-flow wp-block-group-is-layout-flow\">\n<h4 class=\"wp-block-heading\">In waves<br>AJ Dungo<\/h4>\n<\/div><\/div>\n\n\n\n<div class=\"wp-block-group\"><div class=\"wp-block-group__inner-container is-layout-flow wp-block-group-is-layout-flow\">\n<blockquote class=\"wp-block-quote is-style-default is-layout-flow wp-block-quote-is-layout-flow\"><p>Le narrateur de ce roman graphique fait s&rsquo;entrecroiser sa propre histoire, son amour pour une jeune surfeuse atteinte d&rsquo;un cancer incurable, et les origines du surf \u00e0 Hawa\u00ef, \u00e0 travers les figures de Duke Kahanamoku, surfeur g\u00e9nial, et Tom Blake, son digne h\u00e9ritier qui resta, en partie, incompris.<br>Les r\u00e9cits entrem\u00eal\u00e9s se d\u00e9couvrent sur des aplats de couleurs des plus r\u00e9ussis, le bleu oc\u00e9an pour le r\u00e9cit actuel, le s\u00e9pia pour le r\u00e9cit historique sur le surf.<br>L&rsquo;histoire du narrateur et de la jeune Kristen est poignante, le texte comme les images nous emportent et nous bousculent au gr\u00e9 des vagues de l&rsquo;oc\u00e9an.<br>Nul besoin d&rsquo;\u00eatre amateur de surf pour plonger dans ce r\u00e9cit bouleversant, ma\u00eetris\u00e9, et qui habite longtemps le lecteur. Une r\u00e9ussite.<\/p><\/blockquote>\n<\/div><\/div>\n<\/div>\n<\/div>\n\n\n\n<div class=\"wp-block-columns alignwide are-vertically-aligned-center is-layout-flex wp-container-core-columns-is-layout-9d6595d7 wp-block-columns-is-layout-flex\">\n<div class=\"wp-block-column is-vertically-aligned-center is-layout-flow wp-block-column-is-layout-flow\" style=\"flex-basis:10%\">\n<div class=\"wp-block-group\"><div class=\"wp-block-group__inner-container is-layout-flow wp-block-group-is-layout-flow\">\n<div class=\"wp-block-group\"><div class=\"wp-block-group__inner-container is-layout-flow wp-block-group-is-layout-flow\">\n<figure class=\"wp-block-image size-large\"><img loading=\"lazy\" decoding=\"async\" width=\"95\" height=\"146\" src=\"https:\/\/www.trouville.fr\/bibliotheque\/wp-content\/uploads\/2021\/03\/si_joli_crime.jpg\" alt=\"\" class=\"wp-image-1306\"\/><figcaption>Calmann-L\u00e9vy &#8211; 2020<\/figcaption><\/figure>\n<\/div><\/div>\n<\/div><\/div>\n<\/div>\n\n\n\n<div class=\"wp-block-column is-vertically-aligned-center is-layout-flow wp-block-column-is-layout-flow\" style=\"flex-basis:90%\">\n<div class=\"wp-block-group\"><div class=\"wp-block-group__inner-container is-layout-flow wp-block-group-is-layout-flow\">\n<h4 class=\"wp-block-heading\">Un si joli crime<br>Christopher Bollen<\/h4>\n<\/div><\/div>\n\n\n\n<div class=\"wp-block-group\"><div class=\"wp-block-group__inner-container is-layout-flow wp-block-group-is-layout-flow\">\n<blockquote class=\"wp-block-quote is-style-default is-layout-flow wp-block-quote-is-layout-flow\"><p>Clay, jeune Noir am\u00e9ricain d\u00e9sargent\u00e9, h\u00e9rite d&rsquo;un palazio de l&rsquo;homme qu&rsquo;il a accompagn\u00e9 jusqu&rsquo;\u00e0 son d\u00e9c\u00e8s de maladie. Nick, jeune am\u00e9ricain travaillant pour un antiquaire, le rejoint \u00e0 Venise pour mettre au point une belle arnaque dont la victime, ennemi jur\u00e9 de Clay, est toute trouv\u00e9e.<br>Embarquez pour Venise dans ce roman au charme t\u00e9n\u00e9breux. On y suit avec d\u00e9lice le stratag\u00e8me mis sur pied par ce jeune couple, et on s&rsquo;attache tant \u00e0 eux que les frissons d&rsquo;angoisse sont garantis, d\u00e8s lors qu&rsquo;ils sont en danger et risquent de se laisser d\u00e9passer par leur arnaque. Arriveront-ils \u00e0 leurs fins ?<br>Un roman d\u00e9licieux \u00e0 l&rsquo;atmosph\u00e8re unique, dot\u00e9 d&rsquo;une intrigue prenante jusqu&rsquo;\u00e0 la derni\u00e8re page.<\/p><\/blockquote>\n<\/div><\/div>\n<\/div>\n<\/div>\n\n\n\n<div class=\"wp-block-columns alignwide are-vertically-aligned-center is-layout-flex wp-container-core-columns-is-layout-9d6595d7 wp-block-columns-is-layout-flex\">\n<div class=\"wp-block-column is-vertically-aligned-center is-layout-flow wp-block-column-is-layout-flow\" style=\"flex-basis:10%\">\n<div class=\"wp-block-group\"><div class=\"wp-block-group__inner-container is-layout-flow wp-block-group-is-layout-flow\">\n<div class=\"wp-block-group\"><div class=\"wp-block-group__inner-container is-layout-flow wp-block-group-is-layout-flow\">\n<figure class=\"wp-block-image size-large\"><img loading=\"lazy\" decoding=\"async\" width=\"95\" height=\"150\" src=\"https:\/\/www.trouville.fr\/bibliotheque\/wp-content\/uploads\/2021\/03\/etedekatya.jpg\" alt=\"\" class=\"wp-image-1294\"\/><figcaption>Gallmeister &#8211; 2017<\/figcaption><\/figure>\n<\/div><\/div>\n<\/div><\/div>\n<\/div>\n\n\n\n<div class=\"wp-block-column is-vertically-aligned-center is-layout-flow wp-block-column-is-layout-flow\" style=\"flex-basis:90%\">\n<div class=\"wp-block-group\"><div class=\"wp-block-group__inner-container is-layout-flow wp-block-group-is-layout-flow\">\n<h4 class=\"wp-block-heading\">L&rsquo;\u00e9t\u00e9 de Katya<br>Trevanian<\/h4>\n<\/div><\/div>\n\n\n\n<div class=\"wp-block-group\"><div class=\"wp-block-group__inner-container is-layout-flow wp-block-group-is-layout-flow\">\n<blockquote class=\"wp-block-quote is-style-default is-layout-flow wp-block-quote-is-layout-flow\"><p>Dans le Pays Basque, au d\u00e9but du XX\u00e8me si\u00e8cle, un jeune m\u00e9decin s\u2019\u00e9prend d\u2019une jeune femme qu\u2019il a connue en soignant le fr\u00e8re jumeau de celle-ci, apr\u00e8s une chute de v\u00e9lo. P\u00e9n\u00e9trant peu \u00e0 peu l\u2019intimit\u00e9 de cette \u00e9trange famille, les jumeaux et leur p\u00e8re, intellectuel lunaire et d\u00e9cal\u00e9, le jeune homme cherche \u00e0 percer le secret que semble receler ce trio qui vit quasiment en autarcie, loin de tout voisinage.<br><br>L\u2019atmosph\u00e8re \u00e9trange capte l\u2019attention du lecteur d\u00e8s le d\u00e9but, on sent bien que le myst\u00e8re va s\u2019\u00e9paissir et le suspens monter crescendo. Quant \u00e0 l\u2019\u00e9criture, \u00e9l\u00e9gante, cisel\u00e9e, elle donne \u00e0 la narration un c\u00f4t\u00e9 tr\u00e8s victorien assez d\u00e9licieux.<\/p><\/blockquote>\n\n\n\n<p><\/p>\n<\/div><\/div>\n<\/div>\n<\/div>\n\n\n\n<div class=\"wp-block-columns alignwide are-vertically-aligned-center is-layout-flex wp-container-core-columns-is-layout-9d6595d7 wp-block-columns-is-layout-flex\">\n<div class=\"wp-block-column is-vertically-aligned-center is-layout-flow wp-block-column-is-layout-flow\" style=\"flex-basis:10%\">\n<div class=\"wp-block-group\"><div class=\"wp-block-group__inner-container is-layout-flow wp-block-group-is-layout-flow\">\n<div class=\"wp-block-group\"><div class=\"wp-block-group__inner-container is-layout-flow wp-block-group-is-layout-flow\">\n<figure class=\"wp-block-image size-large\"><img loading=\"lazy\" decoding=\"async\" width=\"95\" height=\"153\" src=\"https:\/\/www.trouville.fr\/bibliotheque\/wp-content\/uploads\/2021\/03\/femme-a-la-fenetre.jpg\" alt=\"\" class=\"wp-image-1296\"\/><figcaption>Les presses de la cit\u00e9 &#8211; 2018<\/figcaption><\/figure>\n<\/div><\/div>\n<\/div><\/div>\n<\/div>\n\n\n\n<div class=\"wp-block-column is-vertically-aligned-center is-layout-flow wp-block-column-is-layout-flow\" style=\"flex-basis:90%\">\n<div class=\"wp-block-group\"><div class=\"wp-block-group__inner-container is-layout-flow wp-block-group-is-layout-flow\">\n<h4 class=\"wp-block-heading\">La femme \u00e0 la fen\u00eatre<br>A.J. Finn<\/h4>\n<\/div><\/div>\n\n\n\n<div class=\"wp-block-group\"><div class=\"wp-block-group__inner-container is-layout-flow wp-block-group-is-layout-flow\">\n<p>Recluse dans sa maison new-yorkaise, coup\u00e9e du monde, alcoolique et drogu\u00e9e aux anxiolytiques, Anna, psychologue sur internet, passe une partie de son temps \u00e0 observer ses voisins d\u2019en face. Quand elle pense \u00eatre t\u00e9moin d\u2019un meurtre, elle appelle la police, mais personne ne la croit. Faut-il chercher \u00e0 convaincre les autorit\u00e9s ou mener sa propre enqu\u00eate, au p\u00e9ril de son fragile mental ?<\/p>\n\n\n\n<p>Le \u00ab thriller domestique \u00bb est en vogue en ce moment, et le genre est pour l\u2019instant plut\u00f4t port\u00e9 par de bons titres. Celui-ci est, de mon point de vue, au-dessus du lot, avec une ambiance tr\u00e8s prenante, des personnages attachants, plusieurs \u00ab twists \u00bb dans le r\u00e9cit, un suspens haletant, et une intrigue qui tient vraiment la route. Un page-turner que vous ne l\u00e2cherez pas !<\/p>\n<\/div><\/div>\n<\/div>\n<\/div>\n\n\n\n<div class=\"wp-block-columns alignwide are-vertically-aligned-center is-layout-flex wp-container-core-columns-is-layout-9d6595d7 wp-block-columns-is-layout-flex\">\n<div class=\"wp-block-column is-vertically-aligned-center is-layout-flow wp-block-column-is-layout-flow\" style=\"flex-basis:10%\">\n<div class=\"wp-block-group\"><div class=\"wp-block-group__inner-container is-layout-flow wp-block-group-is-layout-flow\">\n<div class=\"wp-block-group\"><div class=\"wp-block-group__inner-container is-layout-flow wp-block-group-is-layout-flow\">\n<figure class=\"wp-block-image size-large\"><img loading=\"lazy\" decoding=\"async\" width=\"95\" height=\"146\" src=\"https:\/\/www.trouville.fr\/bibliotheque\/wp-content\/uploads\/2021\/03\/long-island.jpg\" alt=\"\" class=\"wp-image-1300\"\/><figcaption>Calmann Levy &#8211; 2017<\/figcaption><\/figure>\n<\/div><\/div>\n<\/div><\/div>\n<\/div>\n\n\n\n<div class=\"wp-block-column is-vertically-aligned-center is-layout-flow wp-block-column-is-layout-flow\" style=\"flex-basis:90%\">\n<div class=\"wp-block-group\"><div class=\"wp-block-group__inner-container is-layout-flow wp-block-group-is-layout-flow\">\n<h4 class=\"wp-block-heading\">Long Island<br>Christopher Bollen<\/h4>\n<\/div><\/div>\n\n\n\n<div class=\"wp-block-group\"><div class=\"wp-block-group__inner-container is-layout-flow wp-block-group-is-layout-flow\">\n<blockquote class=\"wp-block-quote is-style-default is-layout-flow wp-block-quote-is-layout-flow\"><p>A Orient, bourgade tout au bout de Long Island, tout le monde se connait. Mais tout le monde ne s&rsquo;appr\u00e9cie pas\u2026 Entre les artistes new yorkais branch\u00e9s et fortun\u00e9s, et la population locale, les tensions sont fr\u00e9quentes et la m\u00e9fiance permanente.<br>Alors, quand un jeune homme un peu paum\u00e9 est recueilli par Paul en vue de petits travaux dans sa maison, tous les regards se tournent vers cet inconnu, son arriv\u00e9e \u00e9tant concomitante \u00e0 plusieurs morts suspectes \u2026<\/p><p>Long Island est un roman riche, sans temps mort, avec une formidable galerie de personnages. R\u00e9flexion sur les liens familiaux, les enjeux environnementaux, l&rsquo;art contemporain, l&rsquo;intrigue ne manque pas de rebondissements et de mati\u00e8re pour explorer tous ces sujets, dans le microcosme de ce bout de terre perdu au bord de l&rsquo;oc\u00e9an, mais \u00e0 quelques encablures de la tr\u00e9pidante ville de New York.<br>Embarquez pour Orient, Long Island, vous ne le regretterez pas !<\/p><\/blockquote>\n\n\n\n<p><\/p>\n<\/div><\/div>\n<\/div>\n<\/div>\n\n\n\n<div class=\"wp-block-columns alignwide are-vertically-aligned-center is-layout-flex wp-container-core-columns-is-layout-9d6595d7 wp-block-columns-is-layout-flex\">\n<div class=\"wp-block-column is-vertically-aligned-center is-layout-flow wp-block-column-is-layout-flow\" style=\"flex-basis:10%\">\n<div class=\"wp-block-group\"><div class=\"wp-block-group__inner-container is-layout-flow wp-block-group-is-layout-flow\">\n<div class=\"wp-block-group\"><div class=\"wp-block-group__inner-container is-layout-flow wp-block-group-is-layout-flow\">\n<figure class=\"wp-block-image size-large\"><img loading=\"lazy\" decoding=\"async\" width=\"95\" height=\"126\" src=\"https:\/\/www.trouville.fr\/bibliotheque\/wp-content\/uploads\/2021\/03\/deux-vies-de-baudoin.jpg\" alt=\"\" class=\"wp-image-1292\"\/><figcaption>Delcourt &#8211; 2017<\/figcaption><\/figure>\n<\/div><\/div>\n<\/div><\/div>\n<\/div>\n\n\n\n<div class=\"wp-block-column is-vertically-aligned-center is-layout-flow wp-block-column-is-layout-flow\" style=\"flex-basis:90%\">\n<div class=\"wp-block-group\"><div class=\"wp-block-group__inner-container is-layout-flow wp-block-group-is-layout-flow\">\n<h4 class=\"wp-block-heading\">Les deux vies de Baudoin<br>Fabien Toulm\u00e9<\/h4>\n<\/div><\/div>\n\n\n\n<div class=\"wp-block-group\"><div class=\"wp-block-group__inner-container is-layout-flow wp-block-group-is-layout-flow\">\n<div class=\"wp-block-group\"><div class=\"wp-block-group__inner-container is-layout-flow wp-block-group-is-layout-flow\">\n<blockquote class=\"wp-block-quote is-style-default is-layout-flow wp-block-quote-is-layout-flow\"><p>Une BD sur la complicit\u00e9 de deux fr\u00e8res, quand le destin frappe \u00e0 la porte\u2026<\/p><p>Baudouin, trentenaire c\u00e9libataire, vivote dans un quotidien \u00e9triqu\u00e9 et monotone, encore dans l&rsquo;ombre d&rsquo;un p\u00e8re autoritaire qui lui pr\u00e9f\u00e8re son fr\u00e8re. Ce dernier, Luc, extraverti et aventurier, s&rsquo;est accompli dans ses missions de m\u00e9decin en Afrique au sein d&rsquo;une communaut\u00e9 chaleureuse et d\u00e9contract\u00e9e. Quand Baudouin apprend qu&rsquo;il a un cancer incurable, il se confie \u00e0 Luc, qui met tout en oeuvre pour qu&rsquo;enfin, ce petit fr\u00e8re vive sa vie et s&rsquo;accomplisse, savourant chaque jour comme si c&rsquo;\u00e9tait le dernier.<\/p><p>Une tr\u00e8s jolie chronique familiale, une r\u00e9flexion douce-am\u00e8re sur ce que la vie r\u00e9serve \u00e0 chacun, le tout servi par un graphisme tendre d\u00e9peignant des personnages attachants. Et, en tout dernier, un twist final tr\u00e8s fort.<\/p><\/blockquote>\n<\/div><\/div>\n<\/div><\/div>\n<\/div>\n<\/div>\n\n\n\n<div class=\"wp-block-columns alignwide are-vertically-aligned-center is-layout-flex wp-container-core-columns-is-layout-9d6595d7 wp-block-columns-is-layout-flex\">\n<div class=\"wp-block-column is-vertically-aligned-center is-layout-flow wp-block-column-is-layout-flow\" style=\"flex-basis:10%\">\n<div class=\"wp-block-group\"><div class=\"wp-block-group__inner-container is-layout-flow wp-block-group-is-layout-flow\">\n<div class=\"wp-block-group\"><div class=\"wp-block-group__inner-container is-layout-flow wp-block-group-is-layout-flow\">\n<figure class=\"wp-block-image size-large\"><img loading=\"lazy\" decoding=\"async\" width=\"95\" height=\"151\" src=\"https:\/\/www.trouville.fr\/bibliotheque\/wp-content\/uploads\/2021\/03\/bureau-des-jardins.jpg\" alt=\"\" class=\"wp-image-1289\"\/><figcaption>Stock &#8211; 2017<\/figcaption><\/figure>\n<\/div><\/div>\n<\/div><\/div>\n<\/div>\n\n\n\n<div class=\"wp-block-column is-vertically-aligned-center is-layout-flow wp-block-column-is-layout-flow\" style=\"flex-basis:90%\">\n<div class=\"wp-block-group\"><div class=\"wp-block-group__inner-container is-layout-flow wp-block-group-is-layout-flow\">\n<h4 class=\"wp-block-heading\">Le bureau des jardins et des \u00e9tangs<br>Didier Decoin<\/h4>\n<\/div><\/div>\n\n\n\n<div class=\"wp-block-group\"><div class=\"wp-block-group__inner-container is-layout-flow wp-block-group-is-layout-flow\">\n<blockquote class=\"wp-block-quote is-style-default is-layout-flow wp-block-quote-is-layout-flow\"><p>Didier Decoin a mis 12 ans \u00e0 \u00e9crire ce roman, qui est une incroyable plong\u00e9e dans le Japon m\u00e9di\u00e9val. On y suit le parcours, quasi initiatique, de la jeune Miyuki. Devenue brutalement veuve, elle d\u00e9cide de remplacer son mari qui \u00e9tait fournisseur officiel de carpes extraordinaires pour les jardins de l&rsquo;Empereur. Sur une route sem\u00e9e d\u2019emb\u00fbches, elle se surpassera pour arriver jusqu&rsquo;au palais, devant affronter les \u00e9l\u00e9ments, mais aussi des humains, tra\u00eetres, cruels ou pleins de d\u00e9dain \u2026<\/p><p>Ce qui frappe dans le r\u00e9cit, c&rsquo;est combien les sens du lecteur sont mis en \u00e9veil, comme s&rsquo;il plongeait lui aussi dans la rivi\u00e8re, sentait la vase sous ses pieds, respirait des parfums in\u00e9dits\u2026 Un roman extr\u00eamement foisonnant et riche sur cette p\u00e9riode de l&rsquo;histoire du Japon. Ce texte sensuel et olfactif ravira les lecteurs en qu\u00eate d&rsquo;un vrai d\u00e9paysement.<\/p><\/blockquote>\n<\/div><\/div>\n<\/div>\n<\/div>\n\n\n\n<div class=\"wp-block-columns alignwide are-vertically-aligned-center is-layout-flex wp-container-core-columns-is-layout-9d6595d7 wp-block-columns-is-layout-flex\">\n<div class=\"wp-block-column is-vertically-aligned-center is-layout-flow wp-block-column-is-layout-flow\" style=\"flex-basis:10%\">\n<div class=\"wp-block-group\"><div class=\"wp-block-group__inner-container is-layout-flow wp-block-group-is-layout-flow\">\n<div class=\"wp-block-group\"><div class=\"wp-block-group__inner-container is-layout-flow wp-block-group-is-layout-flow\">\n<figure class=\"wp-block-image size-large\"><img loading=\"lazy\" decoding=\"async\" width=\"95\" height=\"139\" src=\"https:\/\/www.trouville.fr\/bibliotheque\/wp-content\/uploads\/2021\/03\/verite-et-autres.jpg\" alt=\"\" class=\"wp-image-1308\"\/><figcaption>Le livre de poche &#8211; 2016<\/figcaption><\/figure>\n<\/div><\/div>\n<\/div><\/div>\n<\/div>\n\n\n\n<div class=\"wp-block-column is-vertically-aligned-center is-layout-flow wp-block-column-is-layout-flow\" style=\"flex-basis:90%\">\n<div class=\"wp-block-group\"><div class=\"wp-block-group__inner-container is-layout-flow wp-block-group-is-layout-flow\">\n<h4 class=\"wp-block-heading\">La v\u00e9rit\u00e9 et autres mensonges<br>Sascha Arango<\/h4>\n<\/div><\/div>\n\n\n\n<div class=\"wp-block-group\"><div class=\"wp-block-group__inner-container is-layout-flow wp-block-group-is-layout-flow\">\n<blockquote class=\"wp-block-quote is-style-default is-layout-flow wp-block-quote-is-layout-flow\"><p>Est-on rattrap\u00e9 un jour ou l\u2019autre par ses mensonges ? C\u2019est ce que Henry Hayden, \u00e0 l\u2019origine d\u2019une imposture litt\u00e9raire, va devoir exp\u00e9rimenter \u2026 Car le secret qu\u2019il partage avec sa femme Martha, c\u2019est qu\u2019il n\u2019est pas l\u2019\u00e9crivain de best-sellers qui ont fait de lui un auteur renomm\u00e9 et une vraie vedette, c\u2019est en fait son \u00e9pouse, qui a toujours pr\u00e9f\u00e9r\u00e9 rester dans l\u2019ombre. Mais quand sa ma\u00eetresse, qui est aussi son \u00e9ditrice, lui annonce qu\u2019elle est enceinte de lui, c\u2019est un sacr\u00e9 grain de sable qui vient enrayer toute cette belle machine\u2026<br>Hayden prend alors une d\u00e9cision radicale. Mais rien ne se passe comme pr\u00e9vu.<br>La force de ce polar r\u00e9side en plusieurs points : Un protagoniste mythomane, cynique, franchement odieux, que vous ne pourrez jamais d\u00e9tester. Un suspens et des rebondissements qui tiennent v\u00e9ritablement en haleine. Une galerie de personnages secondaires savoureux : le poissonnier Serbe, le copain d\u2019enfance en qu\u00eate de vengeance, ou m\u00eame la martre qui hante le grenier de la maison d\u2019Henry, et contre laquelle il doit engager une lutte sans merci.<\/p><p>Cette histoire, tout \u00e0 fait immorale, n\u2019est pas d\u00e9nu\u00e9e d\u2019humour, ce qui en fait un vrai plaisir de lecture.<br>Ce livre a remport\u00e9 le Prix Le Point du polar europ\u00e9en 2015.<\/p><\/blockquote>\n<\/div><\/div>\n<\/div>\n<\/div>\n\n\n\n<div class=\"wp-block-columns alignwide are-vertically-aligned-center is-layout-flex wp-container-core-columns-is-layout-9d6595d7 wp-block-columns-is-layout-flex\">\n<div class=\"wp-block-column is-vertically-aligned-center is-layout-flow wp-block-column-is-layout-flow\" style=\"flex-basis:10%\">\n<div class=\"wp-block-group\"><div class=\"wp-block-group__inner-container is-layout-flow wp-block-group-is-layout-flow\">\n<div class=\"wp-block-group is-layout-flow wp-block-group-is-layout-flow\"><div class=\"wp-block-group__inner-container\"><\/div><\/div>\n<\/div><\/div>\n<\/div>\n\n\n\n<div class=\"wp-block-column is-vertically-aligned-center is-layout-flow wp-block-column-is-layout-flow\" style=\"flex-basis:90%\">\n<div class=\"wp-block-group is-layout-flow wp-block-group-is-layout-flow\"><div class=\"wp-block-group__inner-container\"><\/div><\/div>\n<\/div>\n<\/div>\n\n\n\n<div class=\"wp-block-columns alignwide are-vertically-aligned-center is-layout-flex wp-container-core-columns-is-layout-9d6595d7 wp-block-columns-is-layout-flex\">\n<div class=\"wp-block-column is-vertically-aligned-center is-layout-flow wp-block-column-is-layout-flow\" style=\"flex-basis:10%\">\n<div class=\"wp-block-group\"><div class=\"wp-block-group__inner-container is-layout-flow wp-block-group-is-layout-flow\">\n<div class=\"wp-block-group\"><div class=\"wp-block-group__inner-container is-layout-flow wp-block-group-is-layout-flow\">\n<figure class=\"wp-block-image size-large\"><img loading=\"lazy\" decoding=\"async\" width=\"95\" height=\"150\" src=\"https:\/\/www.trouville.fr\/bibliotheque\/wp-content\/uploads\/2021\/03\/un-homme-cruel.jpg\" alt=\"\" class=\"wp-image-1307\"\/><figcaption>Grasset &#8211; 2016<\/figcaption><\/figure>\n<\/div><\/div>\n<\/div><\/div>\n<\/div>\n\n\n\n<div class=\"wp-block-column is-vertically-aligned-center is-layout-flow wp-block-column-is-layout-flow\" style=\"flex-basis:90%\">\n<div class=\"wp-block-group\"><div class=\"wp-block-group__inner-container is-layout-flow wp-block-group-is-layout-flow\">\n<h4 class=\"wp-block-heading\">Un homme cruel<br>Gilles Jacob<\/h4>\n<\/div><\/div>\n\n\n\n<div class=\"wp-block-group\"><div class=\"wp-block-group__inner-container is-layout-flow wp-block-group-is-layout-flow\">\n<blockquote class=\"wp-block-quote is-style-default is-layout-flow wp-block-quote-is-layout-flow\"><p>Qui se souvient de Sessue Hayakawa, le premier acteur japonais \u00e0 Hollywood ? Pourtant, au temps du cin\u00e9ma muet, il fut une star aussi connue que Rudolph Valentino ou Charlie Chaplin, il c\u00f4toya les plus grands, fit chavirer les c\u0153urs, et devint richissime, se faisant m\u00eame construire un extravagant ch\u00e2teau en Californie.<\/p><p>Gilles Jacob narre ici ce destin hors du commun, en y ajoutant le piquant du roman, mais en nous permettant de d\u00e9couvrir, dans une lecture tr\u00e8s plaisante, le parcours v\u00e9ridique et \u00e0 peine croyable de cet homme, star adul\u00e9e, puis com\u00e9dien sur le d\u00e9clin, soutenant la R\u00e9sistance dans le Paris des ann\u00e9es 40, et \u00e0 la fin de sa vie, de retour au Japon, moine bouddhiste coup\u00e9 du monde. A d\u00e9couvrir !<\/p><\/blockquote>\n<\/div><\/div>\n<\/div>\n<\/div>\n\n\n\n<div class=\"wp-block-columns alignwide are-vertically-aligned-center is-layout-flex wp-container-core-columns-is-layout-9d6595d7 wp-block-columns-is-layout-flex\">\n<div class=\"wp-block-column is-vertically-aligned-center is-layout-flow wp-block-column-is-layout-flow\" style=\"flex-basis:10%\">\n<div class=\"wp-block-group\"><div class=\"wp-block-group__inner-container is-layout-flow wp-block-group-is-layout-flow\">\n<div class=\"wp-block-group\"><div class=\"wp-block-group__inner-container is-layout-flow wp-block-group-is-layout-flow\">\n<figure class=\"wp-block-image size-large\"><img loading=\"lazy\" decoding=\"async\" width=\"95\" height=\"152\" src=\"https:\/\/www.trouville.fr\/bibliotheque\/wp-content\/uploads\/2021\/03\/gloiredines.jpg\" alt=\"\" class=\"wp-image-1297\"\/><figcaption>Stock &#8211; 2016<\/figcaption><\/figure>\n<\/div><\/div>\n<\/div><\/div>\n<\/div>\n\n\n\n<div class=\"wp-block-column is-vertically-aligned-center is-layout-flow wp-block-column-is-layout-flow\" style=\"flex-basis:90%\">\n<div class=\"wp-block-group\"><div class=\"wp-block-group__inner-container is-layout-flow wp-block-group-is-layout-flow\">\n<h4 class=\"wp-block-heading\">La gloire d&rsquo;In\u00e8s<br>Philippe Delaroche<\/h4>\n<\/div><\/div>\n\n\n\n<div class=\"wp-block-group\"><div class=\"wp-block-group__inner-container is-layout-flow wp-block-group-is-layout-flow\">\n<blockquote class=\"wp-block-quote is-style-default is-layout-flow wp-block-quote-is-layout-flow\"><p>In\u00e8s est morte \u00e0 21 ans, dans l&rsquo;incendie d&rsquo;un immeuble parisien. 7 ans plus tard, son p\u00e8re revient dans ce r\u00e9cit poignant sur le destin cruellement interrompu d&rsquo;In\u00e8s, destin pourtant si plein de promesse. Alternant tendresse, humour, d\u00e9sespoir, l&rsquo;auteur convoque les grands \u00e9crivains ayant connu la m\u00eame trag\u00e9die &#8211; perdre un enfant. Il trouve ainsi, dans la litt\u00e9rature du deuil, mati\u00e8re \u00e0 sa propre m\u00e9ditation. C&rsquo;est un superbe \u00ab\u00a0tombeau de papier\u00a0\u00bb que l&rsquo;auteur voit plut\u00f4t comme \u00ab\u00a0une conversation que la mort d&rsquo;In\u00e8s n&rsquo;a pas interrompue\u00a0\u00bb.<\/p><\/blockquote>\n<\/div><\/div>\n<\/div>\n<\/div>\n\n\n\n<div class=\"wp-block-columns alignwide are-vertically-aligned-center is-layout-flex wp-container-core-columns-is-layout-9d6595d7 wp-block-columns-is-layout-flex\">\n<div class=\"wp-block-column is-vertically-aligned-center is-layout-flow wp-block-column-is-layout-flow\" style=\"flex-basis:10%\">\n<div class=\"wp-block-group\"><div class=\"wp-block-group__inner-container is-layout-flow wp-block-group-is-layout-flow\">\n<div class=\"wp-block-group\"><div class=\"wp-block-group__inner-container is-layout-flow wp-block-group-is-layout-flow\">\n<figure class=\"wp-block-image size-large\"><img loading=\"lazy\" decoding=\"async\" width=\"95\" height=\"126\" src=\"https:\/\/www.trouville.fr\/bibliotheque\/wp-content\/uploads\/2021\/03\/cequilfautdeterre.jpg\" alt=\"\" class=\"wp-image-1290\"\/><figcaption>Daragaud &#8211; 2016<\/figcaption><\/figure>\n<\/div><\/div>\n<\/div><\/div>\n<\/div>\n\n\n\n<div class=\"wp-block-column is-vertically-aligned-center is-layout-flow wp-block-column-is-layout-flow\" style=\"flex-basis:90%\">\n<div class=\"wp-block-group\"><div class=\"wp-block-group__inner-container is-layout-flow wp-block-group-is-layout-flow\">\n<h4 class=\"wp-block-heading\">Ce qu&rsquo;il faut de terre \u00e0 l&rsquo;homme<br>Martin Veyron<\/h4>\n<\/div><\/div>\n\n\n\n<div class=\"wp-block-group\"><div class=\"wp-block-group__inner-container is-layout-flow wp-block-group-is-layout-flow\">\n<blockquote class=\"wp-block-quote is-style-default is-layout-flow wp-block-quote-is-layout-flow\"><p>Adapt\u00e9e d&rsquo;une nouvelle de L\u00e9on Tolsto\u00ef, cette BD sur la cupidit\u00e9 de l&rsquo;homme est une vraie r\u00e9ussite. Le d\u00e9coupage des vignettes, le style graphique, refl\u00e8tent \u00e0 merveille l&rsquo;ambiance rustique paysanne dans la Russie des Tsars. Cette fable cruelle nous emporte, avec son malheureux protagoniste, dans une course avide \u00e0 poss\u00e9der toujours plus, dont on suppose ici qu&rsquo;elle pourrait bien mal se terminer. Martin Veyron capte toute la vanit\u00e9 de l&rsquo;homme gr\u00e2ce \u00e0 ses dessins figurant l&rsquo;immensit\u00e9 des for\u00eats de Sib\u00e9rie et la steppe mongole, dans cette fable philosophique. La chute de ce conte moral, qui donne tout son sens au titre, est aussi cruelle que jubilatoire.<\/p><\/blockquote>\n<\/div><\/div>\n<\/div>\n<\/div>\n\n\n\n<div class=\"wp-block-columns alignwide are-vertically-aligned-center is-layout-flex wp-container-core-columns-is-layout-9d6595d7 wp-block-columns-is-layout-flex\">\n<div class=\"wp-block-column is-vertically-aligned-center is-layout-flow wp-block-column-is-layout-flow\" style=\"flex-basis:10%\">\n<div class=\"wp-block-group\"><div class=\"wp-block-group__inner-container is-layout-flow wp-block-group-is-layout-flow\">\n<div class=\"wp-block-group\"><div class=\"wp-block-group__inner-container is-layout-flow wp-block-group-is-layout-flow\">\n<figure class=\"wp-block-image size-large\"><img loading=\"lazy\" decoding=\"async\" width=\"95\" height=\"139\" src=\"https:\/\/www.trouville.fr\/bibliotheque\/wp-content\/uploads\/2021\/03\/petit-pays.jpg\" alt=\"\" class=\"wp-image-1305\"\/><figcaption>Grasset &#8211; 2016<\/figcaption><\/figure>\n<\/div><\/div>\n<\/div><\/div>\n<\/div>\n\n\n\n<div class=\"wp-block-column is-vertically-aligned-center is-layout-flow wp-block-column-is-layout-flow\" style=\"flex-basis:90%\">\n<div class=\"wp-block-group\"><div class=\"wp-block-group__inner-container is-layout-flow wp-block-group-is-layout-flow\">\n<h4 class=\"wp-block-heading\">Petit pays<br>Ga\u00ebl Faye<\/h4>\n<\/div><\/div>\n\n\n\n<div class=\"wp-block-group\"><div class=\"wp-block-group__inner-container is-layout-flow wp-block-group-is-layout-flow\">\n<blockquote class=\"wp-block-quote is-style-default is-layout-flow wp-block-quote-is-layout-flow\"><p>Gabriel vit \u00e0 Bujumbura, au Burundi, avec ses parents et sa soeur. Bient\u00f4t, l&rsquo;ombre d&rsquo;une s\u00e9paration du couple plane sur le bonheur familial, qui vole en \u00e9clats. Mais une seconde ombre, bien plus terrible encore, se profile, avec les premiers heurts entre Hutus et Tutsi, qui, de l&rsquo;autre c\u00f4t\u00e9 de la fronti\u00e8re, m\u00e8neront au g\u00e9nocide rwandais.<br>Ga\u00ebl Faye \u00e9crit un roman d&rsquo;une beaut\u00e9 saisissante, dont le th\u00e8me principal est tout simplement le paradis perdu, l&rsquo;insouciance \u00e0 jamais envol\u00e9e quand on quitte le pays de l&rsquo;enfance pour entrer dans l&rsquo;\u00e2ge adulte. Un texte d&rsquo;une grande po\u00e9sie, qui a obtenu le Goncourt des Lyc\u00e9ens 2016<\/p><\/blockquote>\n<\/div><\/div>\n<\/div>\n<\/div>\n\n\n\n<div class=\"wp-block-columns alignwide are-vertically-aligned-center is-layout-flex wp-container-core-columns-is-layout-9d6595d7 wp-block-columns-is-layout-flex\">\n<div class=\"wp-block-column is-vertically-aligned-center is-layout-flow wp-block-column-is-layout-flow\" style=\"flex-basis:10%\">\n<div class=\"wp-block-group\"><div class=\"wp-block-group__inner-container is-layout-flow wp-block-group-is-layout-flow\">\n<div class=\"wp-block-group\"><div class=\"wp-block-group__inner-container is-layout-flow wp-block-group-is-layout-flow\">\n<figure class=\"wp-block-image size-large\"><img loading=\"lazy\" decoding=\"async\" width=\"95\" height=\"151\" src=\"https:\/\/www.trouville.fr\/bibliotheque\/wp-content\/uploads\/2021\/03\/dernier-desir.jpg\" alt=\"\" class=\"wp-image-1261\"\/><figcaption>Editions du sous-sol &#8211; 2016<\/figcaption><\/figure>\n<\/div><\/div>\n<\/div><\/div>\n<\/div>\n\n\n\n<div class=\"wp-block-column is-vertically-aligned-center is-layout-flow wp-block-column-is-layout-flow\" style=\"flex-basis:90%\">\n<div class=\"wp-block-group\"><div class=\"wp-block-group__inner-container is-layout-flow wp-block-group-is-layout-flow\">\n<h4 class=\"wp-block-heading\">Madeleine Project<br>Clara Beaudoux<\/h4>\n<\/div><\/div>\n\n\n\n<div class=\"wp-block-group\"><div class=\"wp-block-group__inner-container is-layout-flow wp-block-group-is-layout-flow\">\n<blockquote class=\"wp-block-quote is-style-default is-layout-flow wp-block-quote-is-layout-flow\"><p>Une plong\u00e9e d\u00e9licate et \u00e9mouvante dans les vestiges d\u2019une vie ordinaire, une \u00ab petite madeleine \u00bb. En achetant un appartement parisien, l\u2019auteure franchit un jour le seuil de la cave, brisant le cadenas qui retient les souvenirs de toute une vie, celle de Madeleine, pr\u00e9c\u00e9dente habitante du logement.<\/p><p>Avec respect et passion, Clara Beaudoux exhume les souvenirs de toute une vie, photos, objets, lettres \u2026 et d\u00e9cide de les faire partager sur son compte Twitter. Touchant au singulier comme \u00e0 l\u2019universel, on traverse une histoire simple, mais aussi la marche du temps, jusque dans les tourments du XX\u00e8me si\u00e8cle. Menant ses recherches comme une enqu\u00eate polici\u00e8re, Clara Beaudoux offre une magnifique entreprise de conservation du souvenir de Madeleine, \u00ab une formule magique qui convoque la vie comme un coquillage le bruit de l\u2019oc\u00e9an \u00bb.<\/p><p>Un livre singulier (l\u2019impression respecte la forme de Twitter par des captures d\u2019\u00e9cran) tout \u00e0 fait bouleversant.<\/p><\/blockquote>\n<\/div><\/div>\n<\/div>\n<\/div>\n\n\n\n<div class=\"wp-block-columns alignwide are-vertically-aligned-center is-layout-flex wp-container-core-columns-is-layout-9d6595d7 wp-block-columns-is-layout-flex\">\n<div class=\"wp-block-column is-vertically-aligned-center is-layout-flow wp-block-column-is-layout-flow\" style=\"flex-basis:10%\">\n<div class=\"wp-block-group\"><div class=\"wp-block-group__inner-container is-layout-flow wp-block-group-is-layout-flow\">\n<div class=\"wp-block-group\"><div class=\"wp-block-group__inner-container is-layout-flow wp-block-group-is-layout-flow\">\n<figure class=\"wp-block-image size-large\"><img loading=\"lazy\" decoding=\"async\" width=\"95\" height=\"130\" src=\"https:\/\/www.trouville.fr\/bibliotheque\/wp-content\/uploads\/2021\/03\/estcequon.jpg\" alt=\"\" class=\"wp-image-1293\"\/><figcaption>Gallimard &#8211; 2015<\/figcaption><\/figure>\n<\/div><\/div>\n<\/div><\/div>\n<\/div>\n\n\n\n<div class=\"wp-block-column is-vertically-aligned-center is-layout-flow wp-block-column-is-layout-flow\" style=\"flex-basis:90%\">\n<div class=\"wp-block-group\"><div class=\"wp-block-group__inner-container is-layout-flow wp-block-group-is-layout-flow\">\n<h4 class=\"wp-block-heading\">Est-ce qu&rsquo;on pourrait parler d&rsquo;autre chose ?<br>Roz Chast<\/h4>\n<\/div><\/div>\n\n\n\n<div class=\"wp-block-group\"><div class=\"wp-block-group__inner-container is-layout-flow wp-block-group-is-layout-flow\">\n<blockquote class=\"wp-block-quote is-style-default is-layout-flow wp-block-quote-is-layout-flow\"><p>La couverture n&rsquo;est pas irr\u00e9m\u00e9diablement attirante ? L&rsquo;histoire qu&rsquo;elle raconte non plus ! Ne vous laissez pas rebuter, ce roman graphique est un chef-d&rsquo;\u0153uvre du genre !<\/p><p>Cette new-yorkaise, illustratrice de m\u00e9tier, narre sans tabou, et en passant par une gamme impressionnante des sentiments, agacement, compassion, d\u00e9gout, d\u00e9couragement, inqui\u00e9tude, sens du devoir, le grand \u00e2ge de ses parents, et leur fin de vie. Une exp\u00e9rience de vie \u00e0 la fois unique et tristement banale.<br>C&rsquo;est \u00e9mouvant, absurde, irr\u00e9sistiblement dr\u00f4le, et surtout, terriblement humain.<br>Le traitement graphique du sujet, alternance de pages de planches de BD, pleines pages de dessin, pages d&rsquo;\u00e9criture, et m\u00eame quelques pages de photos, particuli\u00e8rement \u00e9mouvantes par ce qu&rsquo;elle font ressortir d&rsquo;un pass\u00e9 r\u00e9volu, est une r\u00e9ussite. Les relations complexes qu&rsquo;elle a entretenues avec ses parents tout au long de sa vie (m\u00e8re acari\u00e2tre et hyper dominatrice, p\u00e8re angoiss\u00e9 et soumis) transparaissent finement au fil du r\u00e9cit.<\/p><p>Une sensation \u00e9trange et in\u00e9dite peut attendre le lecteur, une fois la derni\u00e8re page tourn\u00e9e : le rire se m\u00eale aux larmes, on en ressort en ayant tr\u00e8s souvent ri, et totalement boulevers\u00e9.<\/p><\/blockquote>\n<\/div><\/div>\n<\/div>\n<\/div>\n\n\n\n<div class=\"wp-block-columns alignwide are-vertically-aligned-center is-layout-flex wp-container-core-columns-is-layout-9d6595d7 wp-block-columns-is-layout-flex\">\n<div class=\"wp-block-column is-vertically-aligned-center is-layout-flow wp-block-column-is-layout-flow\" style=\"flex-basis:10%\">\n<div class=\"wp-block-group\"><div class=\"wp-block-group__inner-container is-layout-flow wp-block-group-is-layout-flow\">\n<div class=\"wp-block-group\"><div class=\"wp-block-group__inner-container is-layout-flow wp-block-group-is-layout-flow\">\n<figure class=\"wp-block-image size-full\"><img loading=\"lazy\" decoding=\"async\" width=\"210\" height=\"298\" src=\"https:\/\/www.trouville.fr\/bibliotheque\/wp-content\/uploads\/2021\/03\/interieur-nuit.jpg\" alt=\"\" class=\"wp-image-1299\"\/><figcaption>Gallimard &#8211; 2014<\/figcaption><\/figure>\n<\/div><\/div>\n<\/div><\/div>\n<\/div>\n\n\n\n<div class=\"wp-block-column is-vertically-aligned-center is-layout-flow wp-block-column-is-layout-flow\" style=\"flex-basis:90%\">\n<div class=\"wp-block-group\"><div class=\"wp-block-group__inner-container is-layout-flow wp-block-group-is-layout-flow\">\n<h4 class=\"wp-block-heading\">Int\u00e9rieur nuit<br>Marisha Pessl<\/h4>\n<\/div><\/div>\n\n\n\n<div class=\"wp-block-group\"><div class=\"wp-block-group__inner-container is-layout-flow wp-block-group-is-layout-flow\">\n<blockquote class=\"wp-block-quote is-style-default is-layout-flow wp-block-quote-is-layout-flow\"><p>Cordova est un mythe. R\u00e9alisateur de films d\u2019horreur, personnage myst\u00e9rieux et fantasm\u00e9, il vit nimb\u00e9 de myst\u00e8re et fascine depuis toujours le journaliste Scott McGrath. A tel point que celui-ci, alors qu\u2019il s\u2019est d\u00e9j\u00e0 br\u00fbl\u00e9 les ailes au contact de Cordova, reprend l\u2019enqu\u00eate quand la fille du r\u00e9alisateur met fin \u00e0 ses jours dans des circonstances suspectes.<\/p><p>Attention, si vous choisissez de plonger dans ce roman, pr\u00e9voyez des cong\u00e9s, des nuits blanches, et laissez les lumi\u00e8res allum\u00e9es. Vous entrez dans un univers vertigineux fait de l\u00e9gendes, de p\u00e9rip\u00e9ties, de magie noire, dans lequel l\u2019improbable trio de protagonistes, aussi d\u00e9jant\u00e9s qu\u2019attachants avancera \u00e0 l\u2019aveuglette, comme le lecteur.<\/p><p>Un roman palpitant, d\u2019une grande force narrative, \u00e0 l\u2019\u00e9criture savoureuse et aux dialogues percutants. Du grand art romanesque !<\/p><\/blockquote>\n<\/div><\/div>\n<\/div>\n<\/div>\n\n\n\n<div class=\"wp-block-columns alignwide are-vertically-aligned-center is-layout-flex wp-container-core-columns-is-layout-9d6595d7 wp-block-columns-is-layout-flex\">\n<div class=\"wp-block-column is-vertically-aligned-center is-layout-flow wp-block-column-is-layout-flow\" style=\"flex-basis:10%\">\n<div class=\"wp-block-group\"><div class=\"wp-block-group__inner-container is-layout-flow wp-block-group-is-layout-flow\">\n<div class=\"wp-block-group\"><div class=\"wp-block-group__inner-container is-layout-flow wp-block-group-is-layout-flow\">\n<figure class=\"wp-block-image size-large\"><img loading=\"lazy\" decoding=\"async\" width=\"95\" height=\"158\" src=\"https:\/\/www.trouville.fr\/bibliotheque\/wp-content\/uploads\/2021\/03\/montecristo.jpg\" alt=\"\" class=\"wp-image-1302\"\/><figcaption>Christian Bourgois &#8211; 2015<\/figcaption><\/figure>\n<\/div><\/div>\n<\/div><\/div>\n<\/div>\n\n\n\n<div class=\"wp-block-column is-vertically-aligned-center is-layout-flow wp-block-column-is-layout-flow\" style=\"flex-basis:90%\">\n<div class=\"wp-block-group\"><div class=\"wp-block-group__inner-container is-layout-flow wp-block-group-is-layout-flow\">\n<h4 class=\"wp-block-heading\">Montecristo<br>Martin Suter<\/h4>\n<\/div><\/div>\n\n\n\n<div class=\"wp-block-group\"><div class=\"wp-block-group__inner-container is-layout-flow wp-block-group-is-layout-flow\">\n<blockquote class=\"wp-block-quote is-style-default is-layout-flow wp-block-quote-is-layout-flow\"><p>Jonas Brand est reporter vid\u00e9o sp\u00e9cialis\u00e9 en \u00ab\u00a0people\u00a0\u00bb. Un jour, suite \u00e0 un \u00e9tonnant concours de circonstances, il se retrouve en possession de deux billets de banque portant le m\u00eame num\u00e9ro de s\u00e9rie, et vraisemblablement authentiques l&rsquo;un comme l&rsquo;autre. Simultan\u00e9ment, il se retrouve t\u00e9moin indirect du suicide, c&rsquo;est du moins l&rsquo;hypoth\u00e8se, d&rsquo;un jeune trader tomb\u00e9 d&rsquo;un train \u2026<\/p><p>Comme dans chacun de ses romans, Martin Suter happe d&#8217;embl\u00e9e le lecteur avec une situation insolite, et un suspens haletant qui va crescendo. Nul besoin de ma\u00eetriser les arcanes de la finance pour plonger dans ce formidable thriller, qui non seulement nous donne le plaisir d&rsquo;un v\u00e9ritable \u00ab\u00a0page-turner\u00a0\u00bb, mais nous interroge aussi sur le pouvoir du milieu bancaire, dans ce qu&rsquo;il peut avoir de moins honorable, dans le monde politique et \u00e9conomique d&rsquo;aujourd&rsquo;hui.<\/p><\/blockquote>\n<\/div><\/div>\n<\/div>\n<\/div>\n\n\n\n<div class=\"wp-block-columns alignwide are-vertically-aligned-center is-layout-flex wp-container-core-columns-is-layout-9d6595d7 wp-block-columns-is-layout-flex\">\n<div class=\"wp-block-column is-vertically-aligned-center is-layout-flow wp-block-column-is-layout-flow\" style=\"flex-basis:10%\">\n<div class=\"wp-block-group\"><div class=\"wp-block-group__inner-container is-layout-flow wp-block-group-is-layout-flow\">\n<div class=\"wp-block-group\"><div class=\"wp-block-group__inner-container is-layout-flow wp-block-group-is-layout-flow\">\n<figure class=\"wp-block-image size-large\"><img loading=\"lazy\" decoding=\"async\" width=\"95\" height=\"140\" src=\"https:\/\/www.trouville.fr\/bibliotheque\/wp-content\/uploads\/2021\/03\/nageur.jpg\" alt=\"\" class=\"wp-image-1303\"\/><figcaption>Albin Michel &#8211; 2015<\/figcaption><\/figure>\n<\/div><\/div>\n<\/div><\/div>\n<\/div>\n\n\n\n<div class=\"wp-block-column is-vertically-aligned-center is-layout-flow wp-block-column-is-layout-flow\" style=\"flex-basis:90%\">\n<div class=\"wp-block-group\"><div class=\"wp-block-group__inner-container is-layout-flow wp-block-group-is-layout-flow\">\n<h4 class=\"wp-block-heading\">Le nageur<br>Roma Tearne<\/h4>\n<\/div><\/div>\n\n\n\n<div class=\"wp-block-group\"><div class=\"wp-block-group__inner-container is-layout-flow wp-block-group-is-layout-flow\">\n<blockquote class=\"wp-block-quote is-style-default is-layout-flow wp-block-quote-is-layout-flow\"><p>Ria vit seule, dans sa maison du Suffolk, depuis que son compagnon l&rsquo;a quitt\u00e9e. Un soir, elle d\u00e9couvre un jeune homme nageant dans la rivi\u00e8re qui longe son jardin. Il est sri-lankais et sans-papiers, et la relation qu&rsquo;ils entament, entre amour improbable et trag\u00e9die, va faire voler en \u00e9clats ses rep\u00e8res, et bouleverser tout son univers familial et social.<\/p><p>Un roman vibrant sur l&rsquo;exil et le d\u00e9racinement, la qu\u00eate des origines, les secrets de famille\u2026 \u00e0 la mani\u00e8re d&rsquo;un v\u00e9ritable \u00ab\u00a0page-turner\u00a0\u00bb.<\/p><\/blockquote>\n<\/div><\/div>\n<\/div>\n<\/div>\n\n\n\n<div class=\"wp-block-columns alignwide are-vertically-aligned-center is-layout-flex wp-container-core-columns-is-layout-9d6595d7 wp-block-columns-is-layout-flex\">\n<div class=\"wp-block-column is-vertically-aligned-center is-layout-flow wp-block-column-is-layout-flow\" style=\"flex-basis:10%\">\n<div class=\"wp-block-group\"><div class=\"wp-block-group__inner-container is-layout-flow wp-block-group-is-layout-flow\">\n<div class=\"wp-block-group\"><div class=\"wp-block-group__inner-container is-layout-flow wp-block-group-is-layout-flow\">\n<figure class=\"wp-block-image size-large\"><img loading=\"lazy\" decoding=\"async\" width=\"95\" height=\"135\" src=\"https:\/\/www.trouville.fr\/bibliotheque\/wp-content\/uploads\/2021\/03\/arabe-du-futur_928.jpg\" alt=\"\" class=\"wp-image-1288\"\/><figcaption>Allary &#8211; 2014<\/figcaption><\/figure>\n<\/div><\/div>\n<\/div><\/div>\n<\/div>\n\n\n\n<div class=\"wp-block-column is-vertically-aligned-center is-layout-flow wp-block-column-is-layout-flow\" style=\"flex-basis:90%\">\n<div class=\"wp-block-group\"><div class=\"wp-block-group__inner-container is-layout-flow wp-block-group-is-layout-flow\">\n<h4 class=\"wp-block-heading\">L&rsquo;arabe du futur<br>Riad Sattouf<\/h4>\n<\/div><\/div>\n\n\n\n<div class=\"wp-block-group\"><div class=\"wp-block-group__inner-container is-layout-flow wp-block-group-is-layout-flow\">\n<blockquote class=\"wp-block-quote is-style-default is-layout-flow wp-block-quote-is-layout-flow\"><p>Riad Sattouf nous plonge dans le r\u00e9cit de son enfance, avec un p\u00e8re syrien et une m\u00e8re bretonne. D\u00e9couverte, fascination mais aussi d\u00e9convenue du Moyen-Orient, o\u00f9 le premier mot qu&rsquo;il apprend de la bouche de ses petits camarades musulmans est \u00ab\u00a0Juif\u00a0\u00bb\u2026 Heureusement, l&rsquo;auteur sait toujours instiller humour et tendresse dans son r\u00e9cit, notamment gr\u00e2ce \u00e0 son graphisme, qui rend certains personnages tr\u00e8s attachants, et certaines situations po\u00e9tiques ou burlesques\u2026<\/p><p>Un regard vif et sans concession sur l&rsquo;enfance de l&rsquo;auteur en Lybie, puis en Syrie, \u00e0 l&rsquo;\u00e9poque de la toute puissance et des grandes heures des dictateurs\u2026<\/p><\/blockquote>\n<\/div><\/div>\n<\/div>\n<\/div>\n\n\n\n<div class=\"wp-block-group alignwide\"><div class=\"wp-block-group__inner-container is-layout-flow wp-block-group-is-layout-flow\">\n<div class=\"wp-block-columns alignwide are-vertically-aligned-center is-layout-flex wp-container-core-columns-is-layout-9d6595d7 wp-block-columns-is-layout-flex\">\n<div class=\"wp-block-column is-vertically-aligned-center is-layout-flow wp-block-column-is-layout-flow\" style=\"flex-basis:10%\">\n<div class=\"wp-block-group\"><div class=\"wp-block-group__inner-container is-layout-flow wp-block-group-is-layout-flow\">\n<div class=\"wp-block-group\"><div class=\"wp-block-group__inner-container is-layout-flow wp-block-group-is-layout-flow\">\n<figure class=\"wp-block-image size-large\"><img loading=\"lazy\" decoding=\"async\" width=\"95\" height=\"151\" src=\"https:\/\/www.trouville.fr\/bibliotheque\/wp-content\/uploads\/2021\/03\/dernier-desir.jpg\" alt=\"\" class=\"wp-image-1261\"\/><figcaption>Fayard &#8211; 2014<\/figcaption><\/figure>\n<\/div><\/div>\n<\/div><\/div>\n<\/div>\n\n\n\n<div class=\"wp-block-column is-vertically-aligned-center is-layout-flow wp-block-column-is-layout-flow\" style=\"flex-basis:90%\">\n<div class=\"wp-block-group\"><div class=\"wp-block-group__inner-container is-layout-flow wp-block-group-is-layout-flow\">\n<h4 class=\"wp-block-heading\">Dernier d\u00e9sir<br>Olivier Bordacarre<\/h4>\n<\/div><\/div>\n\n\n\n<div class=\"wp-block-group\"><div class=\"wp-block-group__inner-container is-layout-flow wp-block-group-is-layout-flow\">\n<blockquote class=\"wp-block-quote is-style-default is-layout-flow wp-block-quote-is-layout-flow\"><p>Install\u00e9e dans une maison d&rsquo;\u00e9clusier loin de toute agitation urbaine, une gentille famille voit arriver un nouveau voisin. Celui-ci, d&rsquo;abord pr\u00e9venant et sympathique, devient progressivement bien singulier et envahissant, laissant sourdre une menace sur ce couple et leur fils qui n&rsquo;aspiraient qu&rsquo;au calme et \u00e0 l&rsquo;isolement\u2026<\/p><p>Formidable r\u00e9quisitoire contre le consum\u00e9risme, en m\u00eame temps que redoutable suspense, ce roman cruel et prenant se d\u00e9vore jusqu&rsquo;\u00e0 la derni\u00e8re page, qui cl\u00f4t superbement le r\u00e9cit. Une \u00e9criture subtile et pr\u00e9cise, qui fait mouche \u00e0 chaque page.<\/p><\/blockquote>\n<\/div><\/div>\n<\/div>\n<\/div>\n<\/div><\/div>\n<\/div><\/div>\n<\/div><\/div>\n\n\n\n<div class=\"wp-block-group\"><div class=\"wp-block-group__inner-container is-layout-flow wp-block-group-is-layout-flow\">\n<div class=\"wp-block-pb-accordion-item c-accordion__item js-accordion-item no-js\" data-initially-open=\"false\" data-click-to-close=\"true\" data-auto-close=\"true\" data-scroll=\"false\" data-scroll-offset=\"0\"><h2 id=\"at-12441\" class=\"c-accordion__title js-accordion-controller\" role=\"button\">Les coups de c\u0153ur de Marie<\/h2><div id=\"ac-12441\" class=\"c-accordion__content\">\n<div class=\"wp-block-columns alignwide are-vertically-aligned-center is-layout-flex wp-container-core-columns-is-layout-9d6595d7 wp-block-columns-is-layout-flex\">\n<div class=\"wp-block-column is-vertically-aligned-center is-layout-flow wp-block-column-is-layout-flow\" style=\"flex-basis:10%\">\n<div class=\"wp-block-group\"><div class=\"wp-block-group__inner-container is-layout-flow wp-block-group-is-layout-flow\">\n<div class=\"wp-block-group\"><div class=\"wp-block-group__inner-container is-layout-flow wp-block-group-is-layout-flow\">\n<div class=\"wp-block-image\"><figure class=\"aligncenter size-large\"><img loading=\"lazy\" decoding=\"async\" width=\"95\" height=\"140\" src=\"https:\/\/www.trouville.fr\/bibliotheque\/wp-content\/uploads\/2021\/03\/huit-lecons.jpg\" alt=\"\" class=\"wp-image-1402\"\/><figcaption>Grasset &#8211; 2020<\/figcaption><\/figure><\/div>\n<\/div><\/div>\n<\/div><\/div>\n<\/div>\n\n\n\n<div class=\"wp-block-column is-vertically-aligned-center is-layout-flow wp-block-column-is-layout-flow\" style=\"flex-basis:90%\">\n<div class=\"wp-block-group\"><div class=\"wp-block-group__inner-container is-layout-flow wp-block-group-is-layout-flow\">\n<h4 class=\"wp-block-heading\">Huit le\u00e7ons sur l&rsquo;Afrique<br>Alain Mabanckou<\/h4>\n<\/div><\/div>\n\n\n\n<div class=\"wp-block-group\"><div class=\"wp-block-group__inner-container is-layout-flow wp-block-group-is-layout-flow\">\n<blockquote class=\"wp-block-quote is-style-default is-layout-flow wp-block-quote-is-layout-flow\"><p>Il s&rsquo;agit de le\u00e7ons qu&rsquo;a donn\u00e9 Alain Mabanckou au Coll\u00e8ge de France sur l&rsquo;histoire litt\u00e9raire et intellectuelle de l&rsquo;Afrique. C&rsquo;est intelligent mais aussi tr\u00e8s enrichissant pour toutes celles et tous ceux qui s&rsquo;int\u00e9ressent au continent noir sans le conna\u00eetre r\u00e9ellement. C&rsquo;est un ouvrage essentiel pour mieux comprendre les concepts de francophonie, de n\u00e9gritude et pour revisiter notre histoire coloniale mais d&rsquo;une mani\u00e8re apais\u00e9e comme le fait l&rsquo;auteur.<\/p><\/blockquote>\n<\/div><\/div>\n<\/div>\n<\/div>\n\n\n\n<div class=\"wp-block-columns alignwide are-vertically-aligned-center is-layout-flex wp-container-core-columns-is-layout-9d6595d7 wp-block-columns-is-layout-flex\">\n<div class=\"wp-block-column is-vertically-aligned-center is-layout-flow wp-block-column-is-layout-flow\" style=\"flex-basis:10%\">\n<div class=\"wp-block-group\"><div class=\"wp-block-group__inner-container is-layout-flow wp-block-group-is-layout-flow\">\n<div class=\"wp-block-group\"><div class=\"wp-block-group__inner-container is-layout-flow wp-block-group-is-layout-flow\">\n<div class=\"wp-block-image\"><figure class=\"alignright size-large\"><img loading=\"lazy\" decoding=\"async\" width=\"95\" height=\"157\" src=\"https:\/\/www.trouville.fr\/bibliotheque\/wp-content\/uploads\/2021\/03\/hommes.jpg\" alt=\"\" class=\"wp-image-1401\"\/><figcaption>Editions de l&rsquo;Olivier &#8211; 2019<\/figcaption><\/figure><\/div>\n<\/div><\/div>\n<\/div><\/div>\n<\/div>\n\n\n\n<div class=\"wp-block-column is-vertically-aligned-center is-layout-flow wp-block-column-is-layout-flow\" style=\"flex-basis:90%\">\n<div class=\"wp-block-group\"><div class=\"wp-block-group__inner-container is-layout-flow wp-block-group-is-layout-flow\">\n<h4 class=\"wp-block-heading\">Tous les hommes n&rsquo;habitent pas le monde de la m\u00eame mani\u00e8re<br>Jean-Paul Dubois<\/h4>\n<\/div><\/div>\n\n\n\n<div class=\"wp-block-group\"><div class=\"wp-block-group__inner-container is-layout-flow wp-block-group-is-layout-flow\">\n<blockquote class=\"wp-block-quote is-style-default is-layout-flow wp-block-quote-is-layout-flow\"><p>Nous retrouvons, comme toujours chez Jean-Paul Dubois, des personnages tr\u00e8s touchants car p\u00e9tris d&rsquo;humanit\u00e9, dans des situations tragi-comiques. L&rsquo;humour est vif et sa vision du monde actuel est tellement sensible et juste. Un bel \u00e9crivain mais aussi un homme r\u00e9volt\u00e9 contre toutes les injustices.<\/p><p>A lire \u00e9galement de Jean-Paul Dubois : La succession et Le cas Sneijder<\/p><\/blockquote>\n<\/div><\/div>\n<\/div>\n<\/div>\n\n\n\n<div class=\"wp-block-columns alignwide are-vertically-aligned-center is-layout-flex wp-container-core-columns-is-layout-9d6595d7 wp-block-columns-is-layout-flex\">\n<div class=\"wp-block-column is-vertically-aligned-center is-layout-flow wp-block-column-is-layout-flow\" style=\"flex-basis:10%\">\n<div class=\"wp-block-group\"><div class=\"wp-block-group__inner-container is-layout-flow wp-block-group-is-layout-flow\">\n<div class=\"wp-block-group\"><div class=\"wp-block-group__inner-container is-layout-flow wp-block-group-is-layout-flow\">\n<figure class=\"wp-block-image size-large\"><img loading=\"lazy\" decoding=\"async\" width=\"95\" height=\"153\" src=\"https:\/\/www.trouville.fr\/bibliotheque\/wp-content\/uploads\/2021\/03\/monde-dhier.jpg\" alt=\"\" class=\"wp-image-1404\"\/><figcaption>Gallimard &#8211; 1941<\/figcaption><\/figure>\n<\/div><\/div>\n<\/div><\/div>\n<\/div>\n\n\n\n<div class=\"wp-block-column is-vertically-aligned-center is-layout-flow wp-block-column-is-layout-flow\" style=\"flex-basis:90%\">\n<div class=\"wp-block-group\"><div class=\"wp-block-group__inner-container is-layout-flow wp-block-group-is-layout-flow\">\n<h4 class=\"wp-block-heading\">Le monde d&rsquo;hier<br>Stefan Zweig<\/h4>\n<\/div><\/div>\n\n\n\n<div class=\"wp-block-group\"><div class=\"wp-block-group__inner-container is-layout-flow wp-block-group-is-layout-flow\">\n<blockquote class=\"wp-block-quote is-style-default is-layout-flow wp-block-quote-is-layout-flow\"><p>C&rsquo;est la description de la culture et de la vie autrichienne avant 1914 avec un sentiment de libert\u00e9 et de \u00ab\u00a0s\u00e9curit\u00e9\u00a0\u00bb qui sera remis en cause et dispara\u00eetra avec les 2 guerres mondiales. Stefan Zweig d\u00e9crit la fin d&rsquo;un monde avec une grande acuit\u00e9 et l&rsquo;av\u00e8nement de la barbarie qui poussera l&rsquo;auteur \u00e0 s&rsquo;exiler d&rsquo;abord en Angleterre puis au Br\u00e9sil o\u00f9 il se suicidera. Cela nous ram\u00e8ne \u00e0 la fragilit\u00e9 de notre monde et des combats qui ne sont jamais gagn\u00e9s.<\/p><\/blockquote>\n<\/div><\/div>\n<\/div>\n<\/div>\n\n\n\n<div class=\"wp-block-columns alignwide are-vertically-aligned-center is-layout-flex wp-container-core-columns-is-layout-9d6595d7 wp-block-columns-is-layout-flex\">\n<div class=\"wp-block-column is-vertically-aligned-center is-layout-flow wp-block-column-is-layout-flow\" style=\"flex-basis:10%\">\n<div class=\"wp-block-group\"><div class=\"wp-block-group__inner-container is-layout-flow wp-block-group-is-layout-flow\">\n<div class=\"wp-block-group\"><div class=\"wp-block-group__inner-container is-layout-flow wp-block-group-is-layout-flow\">\n<figure class=\"wp-block-image size-large\"><img loading=\"lazy\" decoding=\"async\" width=\"95\" height=\"132\" src=\"https:\/\/www.trouville.fr\/bibliotheque\/wp-content\/uploads\/2021\/03\/le-loup.jpg\" alt=\"\" class=\"wp-image-1403\"\/><figcaption>Casterman &#8211; 2019<\/figcaption><\/figure>\n<\/div><\/div>\n<\/div><\/div>\n<\/div>\n\n\n\n<div class=\"wp-block-column is-vertically-aligned-center is-layout-flow wp-block-column-is-layout-flow\" style=\"flex-basis:90%\">\n<div class=\"wp-block-group\"><div class=\"wp-block-group__inner-container is-layout-flow wp-block-group-is-layout-flow\">\n<h4 class=\"wp-block-heading\">Le loup<br>Jean-Marc Rochette<\/h4>\n<\/div><\/div>\n\n\n\n<div class=\"wp-block-group\"><div class=\"wp-block-group__inner-container is-layout-flow wp-block-group-is-layout-flow\">\n<blockquote class=\"wp-block-quote is-style-default is-layout-flow wp-block-quote-is-layout-flow\"><p>La BD de Jean-Marc Rochette retrace le combat entre la b\u00eate et l&rsquo;homme, un v\u00e9ritable duel entre le loup et le berger sur plusieurs saisons dans le Massif des Ecrins (Hautes-Alpes). La tension monte au fur et \u00e0 mesure des pages, le dessin sobre de l&rsquo;auteur et le peu de dialogues laissent la part belle \u00e0 la montagne, sa majest\u00e9, sa duret\u00e9. Tr\u00e8s bel album!<\/p><\/blockquote>\n<\/div><\/div>\n<\/div>\n<\/div>\n\n\n\n<div class=\"wp-block-columns alignwide are-vertically-aligned-center is-layout-flex wp-container-core-columns-is-layout-9d6595d7 wp-block-columns-is-layout-flex\">\n<div class=\"wp-block-column is-vertically-aligned-center is-layout-flow wp-block-column-is-layout-flow\" style=\"flex-basis:10%\">\n<div class=\"wp-block-group\"><div class=\"wp-block-group__inner-container is-layout-flow wp-block-group-is-layout-flow\">\n<div class=\"wp-block-group\"><div class=\"wp-block-group__inner-container is-layout-flow wp-block-group-is-layout-flow\">\n<figure class=\"wp-block-image size-large\"><img loading=\"lazy\" decoding=\"async\" width=\"95\" height=\"150\" src=\"https:\/\/www.trouville.fr\/bibliotheque\/wp-content\/uploads\/2021\/03\/cvt_Summer_6692.jpg\" alt=\"\" class=\"wp-image-1397\"\/><\/figure>\n\n\n\n<figure class=\"wp-block-image size-large\"><img loading=\"lazy\" decoding=\"async\" width=\"95\" height=\"154\" src=\"https:\/\/www.trouville.fr\/bibliotheque\/wp-content\/uploads\/2021\/03\/eden.jpg\" alt=\"\" class=\"wp-image-1399\"\/><\/figure>\n<\/div><\/div>\n<\/div><\/div>\n<\/div>\n\n\n\n<div class=\"wp-block-column is-vertically-aligned-center is-layout-flow wp-block-column-is-layout-flow\" style=\"flex-basis:90%\">\n<div class=\"wp-block-group\"><div class=\"wp-block-group__inner-container is-layout-flow wp-block-group-is-layout-flow\">\n<h4 class=\"wp-block-heading\">Summer &#8211; Eden<br>Monica Sabolo<\/h4>\n<\/div><\/div>\n\n\n\n<div class=\"wp-block-group\"><div class=\"wp-block-group__inner-container is-layout-flow wp-block-group-is-layout-flow\">\n<blockquote class=\"wp-block-quote is-style-default is-layout-flow wp-block-quote-is-layout-flow\"><p>Une belle d\u00e9couverte que cette \u00e9crivain italienne, \u00e9lev\u00e9e en Suisse et qui vit en France. L&rsquo;\u00e9criture est fluide et tr\u00e8s imag\u00e9e. L&rsquo;auteur est une bonne observatrice, particuli\u00e8rement sensible dans la description des sentiments des adolescents face \u00e0 la violence du monde contemporain.<\/p><\/blockquote>\n\n\n\n<blockquote class=\"wp-block-quote is-style-default is-layout-flow wp-block-quote-is-layout-flow\"><p>Dans \u00ab\u00a0Summer\u00a0\u00bb, nous sommes face \u00e0 une famille genevoise , un couple avec deux adolescents, \u00e9voluant dans un milieu riche o\u00f9 tout semble leur r\u00e9ussir jusqu&rsquo;au jour o\u00f9 Summer, la fille a\u00een\u00e9e, dispara\u00eet. Cette disparition va d\u00e9vaster le fr\u00e8re cadet, Benjamin \u2013 mais va le pousser \u00e0 trouver des r\u00e9ponses tout le vernis de cette famille vivant pour les conventions va se fissurer et craquer de toutes parts. Le chemin sera long pour Benjamin mais, au bout, il pourra enfin se reconstruire.<\/p><\/blockquote>\n\n\n\n<blockquote class=\"wp-block-quote is-style-default is-layout-flow wp-block-quote-is-layout-flow\"><p>Dans \u00ab\u00a0Eden\u00a0\u00bb, nous sommes sur un territoire am\u00e9rindien, sans plus de pr\u00e9cision, o\u00f9 la for\u00eat est d\u00e9truite implaccablement par les buldozers. Tout comme les esprits de la for\u00eatCohabitation difficile entre les blancs, la communaut\u00e9 am\u00e9rindienne et les ouvriers de l&rsquo;entreprise de d\u00e9boisement. Nous sommes dans l&rsquo;Am\u00e9rique profonde et les adolescents doivent trouver leur propre chemin et devenir ma\u00eetres de leur destin malgr\u00e9 la violence et les injustices d&rsquo;une soci\u00e9t\u00e9 d&rsquo;une incroyable sauvagerie.<br><\/p><\/blockquote>\n<\/div><\/div>\n<\/div>\n<\/div>\n\n\n\n<div class=\"wp-block-columns alignwide are-vertically-aligned-center is-layout-flex wp-container-core-columns-is-layout-9d6595d7 wp-block-columns-is-layout-flex\">\n<div class=\"wp-block-column is-vertically-aligned-center is-layout-flow wp-block-column-is-layout-flow\" style=\"flex-basis:10%\">\n<div class=\"wp-block-group\"><div class=\"wp-block-group__inner-container is-layout-flow wp-block-group-is-layout-flow\">\n<div class=\"wp-block-group\"><div class=\"wp-block-group__inner-container is-layout-flow wp-block-group-is-layout-flow\">\n<figure class=\"wp-block-image size-large\"><img loading=\"lazy\" decoding=\"async\" width=\"95\" height=\"150\" src=\"https:\/\/www.trouville.fr\/bibliotheque\/wp-content\/uploads\/2021\/03\/cvt_Nos-richesses_6300.jpg\" alt=\"\" class=\"wp-image-1395\"\/><figcaption>Seuil &#8211; 2017<\/figcaption><\/figure>\n<\/div><\/div>\n<\/div><\/div>\n<\/div>\n\n\n\n<div class=\"wp-block-column is-vertically-aligned-center is-layout-flow wp-block-column-is-layout-flow\" style=\"flex-basis:90%\">\n<div class=\"wp-block-group\"><div class=\"wp-block-group__inner-container is-layout-flow wp-block-group-is-layout-flow\">\n<h4 class=\"wp-block-heading\">Nos richesses<br>Kaouther Adimi<\/h4>\n<\/div><\/div>\n\n\n\n<div class=\"wp-block-group\"><div class=\"wp-block-group__inner-container is-layout-flow wp-block-group-is-layout-flow\">\n<blockquote class=\"wp-block-quote is-style-default is-layout-flow wp-block-quote-is-layout-flow\"><p>C&rsquo;est toute une \u00e9poque que fait revivre l&rsquo;auteur \u00e0 travers l&rsquo;histoire de la librairie d&rsquo;Edmond Charlot &#8211; \u00e9galement \u00e9diteur &#8211; \u00e0 Alger o\u00f9 l&rsquo;on c\u00f4toyait Camus, Gide, le po\u00e8te Jean S\u00e9nac, Mohammed Dib. Un lieu d&rsquo;effervescence intellectuelle et artistique dans cette Alg\u00e9rie des ann\u00e9es 50 travers\u00e9e par les soubresauts de l&rsquo;Histoire<\/p><\/blockquote>\n<\/div><\/div>\n<\/div>\n<\/div>\n\n\n\n<div class=\"wp-block-columns alignwide are-vertically-aligned-center is-layout-flex wp-container-core-columns-is-layout-9d6595d7 wp-block-columns-is-layout-flex\">\n<div class=\"wp-block-column is-vertically-aligned-center is-layout-flow wp-block-column-is-layout-flow\" style=\"flex-basis:10%\">\n<div class=\"wp-block-group\"><div class=\"wp-block-group__inner-container is-layout-flow wp-block-group-is-layout-flow\">\n<div class=\"wp-block-group\"><div class=\"wp-block-group__inner-container is-layout-flow wp-block-group-is-layout-flow\">\n<figure class=\"wp-block-image size-large\"><img loading=\"lazy\" decoding=\"async\" width=\"95\" height=\"150\" src=\"https:\/\/www.trouville.fr\/bibliotheque\/wp-content\/uploads\/2021\/03\/exil.jpg\" alt=\"\" class=\"wp-image-1400\"\/><figcaption>Grasset &#8211; 2020<\/figcaption><\/figure>\n<\/div><\/div>\n<\/div><\/div>\n<\/div>\n\n\n\n<div class=\"wp-block-column is-vertically-aligned-center is-layout-flow wp-block-column-is-layout-flow\" style=\"flex-basis:90%\">\n<div class=\"wp-block-group\"><div class=\"wp-block-group__inner-container is-layout-flow wp-block-group-is-layout-flow\">\n<h4 class=\"wp-block-heading\">L&rsquo;exil vaut le voyage<br>Dany Laferri\u00e8re<\/h4>\n<\/div><\/div>\n\n\n\n<div class=\"wp-block-group\"><div class=\"wp-block-group__inner-container is-layout-flow wp-block-group-is-layout-flow\">\n<blockquote class=\"wp-block-quote is-style-default is-layout-flow wp-block-quote-is-layout-flow\"><p>Merveilleux voyage auquel Dany Laferri\u00e8re nous invite tant physique qu&rsquo;intellectuel gr\u00e2ce \u00e0 son \u00e9criture fluide, claire et color\u00e9e mais aussi au dessins de l&rsquo;\u00e9crivain qui enrichissent l&rsquo;ensemble. On voyage, Ha\u00efti, terre natale de l&rsquo;auteur, Qu\u00e9bec, Montr\u00e9al, terre d&rsquo;exil mais aussi New York, Buenos aires et tant d&rsquo;autres territoires toujours au prisme de la vie intellectuelle et de celle des \u00e9crivains, artistes peintres ou photographe.<\/p><\/blockquote>\n<\/div><\/div>\n<\/div>\n<\/div>\n\n\n\n<div class=\"wp-block-columns alignwide are-vertically-aligned-center is-layout-flex wp-container-core-columns-is-layout-9d6595d7 wp-block-columns-is-layout-flex\">\n<div class=\"wp-block-column is-vertically-aligned-center is-layout-flow wp-block-column-is-layout-flow\" style=\"flex-basis:10%\">\n<div class=\"wp-block-group\"><div class=\"wp-block-group__inner-container is-layout-flow wp-block-group-is-layout-flow\">\n<div class=\"wp-block-group\"><div class=\"wp-block-group__inner-container is-layout-flow wp-block-group-is-layout-flow\">\n<figure class=\"wp-block-image size-large\"><img loading=\"lazy\" decoding=\"async\" width=\"95\" height=\"150\" src=\"https:\/\/www.trouville.fr\/bibliotheque\/wp-content\/uploads\/2021\/03\/continuer.jpg\" alt=\"\" class=\"wp-image-1394\"\/><figcaption>Editions de minuit &#8211; 2016<\/figcaption><\/figure>\n<\/div><\/div>\n<\/div><\/div>\n<\/div>\n\n\n\n<div class=\"wp-block-column is-vertically-aligned-center is-layout-flow wp-block-column-is-layout-flow\" style=\"flex-basis:90%\">\n<div class=\"wp-block-group\"><div class=\"wp-block-group__inner-container is-layout-flow wp-block-group-is-layout-flow\">\n<h4 class=\"wp-block-heading\">Continuer<br>Laurent Mauvignier<\/h4>\n<\/div><\/div>\n\n\n\n<div class=\"wp-block-group\"><div class=\"wp-block-group__inner-container is-layout-flow wp-block-group-is-layout-flow\">\n<blockquote class=\"wp-block-quote is-style-default is-layout-flow wp-block-quote-is-layout-flow\"><p>Il y a bien s\u00fbr l&rsquo;intrigue polici\u00e8re qui se passe sur les \u00eeles Solovki, en mer Blanche, avec son monast\u00e8re &#8211; devenu sous Staline l&rsquo;un des plus sinistres goulags de l&rsquo;\u00e8re sovi\u00e9tique &#8211; son climat extr\u00eame et ses personnages pour la plupart bien \u00ab\u00a0tremp\u00e9s\u00a0\u00bb; intrigue sous la forme d&rsquo;une enqu\u00eate journalistique de plus en plus sourde et mena\u00e7ante au fil des pages men\u00e9e par un journaliste italien \u00ab\u00a0rat\u00e9\u00a0\u00bb. Mais il y a aussi un portrait int\u00e9ressant de la soci\u00e9t\u00e9 italienne contemporaine doubl\u00e9 de r\u00e9flexions sans concession sur la g\u00e9n\u00e9ration de trentenaires plut\u00f4t perdue.<\/p><\/blockquote>\n<\/div><\/div>\n<\/div>\n<\/div>\n\n\n\n<div class=\"wp-block-columns alignwide are-vertically-aligned-center is-layout-flex wp-container-core-columns-is-layout-9d6595d7 wp-block-columns-is-layout-flex\">\n<div class=\"wp-block-column is-vertically-aligned-center is-layout-flow wp-block-column-is-layout-flow\" style=\"flex-basis:10%\">\n<div class=\"wp-block-group\"><div class=\"wp-block-group__inner-container is-layout-flow wp-block-group-is-layout-flow\">\n<div class=\"wp-block-group\"><div class=\"wp-block-group__inner-container is-layout-flow wp-block-group-is-layout-flow\">\n<figure class=\"wp-block-image size-large\"><img loading=\"lazy\" decoding=\"async\" width=\"95\" height=\"151\" src=\"https:\/\/www.trouville.fr\/bibliotheque\/wp-content\/uploads\/2021\/03\/dernier-desir.jpg\" alt=\"\" class=\"wp-image-1261\"\/><figcaption>2014<\/figcaption><\/figure>\n<\/div><\/div>\n<\/div><\/div>\n<\/div>\n\n\n\n<div class=\"wp-block-column is-vertically-aligned-center is-layout-flow wp-block-column-is-layout-flow\" style=\"flex-basis:90%\">\n<div class=\"wp-block-group\"><div class=\"wp-block-group__inner-container is-layout-flow wp-block-group-is-layout-flow\">\n<h4 class=\"wp-block-heading\">True detective &#8211; saison 1<br>Cary Fukunaga<\/h4>\n<\/div><\/div>\n\n\n\n<div class=\"wp-block-group\"><div class=\"wp-block-group__inner-container is-layout-flow wp-block-group-is-layout-flow\">\n<blockquote class=\"wp-block-quote is-style-default is-layout-flow wp-block-quote-is-layout-flow\"><p>Excellente saison tant au niveau de la r\u00e9alisation, parfaitement ma\u00eetris\u00e9e, que du sc\u00e9nario tr\u00e8s dense et bluffant de v\u00e9rit\u00e9, mais surtout en raison des personnages. Deux inspecteurs que tout semble s\u00e9par\u00e9 : Rust (Matthew McConaughey) le solitaire , d&rsquo;une pr\u00e9sence hallucin\u00e9e avec ses discours fr\u00f4lant le mysticisme et Martin (Woody Harrelson), le prosa\u00efque, plut\u00f4t \u00ab\u00a0flic \u00e0 l&rsquo;ancienne\u00a0\u00bb, tout aussi remarquable. Sous des dehors a priori banals, leur complexit\u00e9 est tr\u00e8s bien rendue gr\u00e2ce, en particulier, aux dialogues tout simplement g\u00e9niaux. L&rsquo;intrigue \u2013 une s\u00e9rie de meurtres sordides se d\u00e9roulant sur pr\u00e8s de 20 ans, un serial killer aux rituels occultes \u2013 m\u00eale croyances et superstitions de la Louisiane o\u00f9 le vaudou suinte de chaque parcelle de cette terre au climat tropical avec sa luxuriance d\u00e9bordante. Tout comme la musique du g\u00e9n\u00e9rique \u00ab\u00a0Far from any road\u00a0\u00bb interpr\u00e9t\u00e9e par Handsome family, balade folk m\u00e9lancolique qui nous colle \u00e0 la peau. Envo\u00fbtant !<\/p><\/blockquote>\n<\/div><\/div>\n<\/div>\n<\/div>\n\n\n\n<div class=\"wp-block-columns alignwide are-vertically-aligned-center is-layout-flex wp-container-core-columns-is-layout-9d6595d7 wp-block-columns-is-layout-flex\">\n<div class=\"wp-block-column is-vertically-aligned-center is-layout-flow wp-block-column-is-layout-flow\" style=\"flex-basis:10%\">\n<div class=\"wp-block-group\"><div class=\"wp-block-group__inner-container is-layout-flow wp-block-group-is-layout-flow\">\n<div class=\"wp-block-group\"><div class=\"wp-block-group__inner-container is-layout-flow wp-block-group-is-layout-flow\">\n<figure class=\"wp-block-image size-large\"><img loading=\"lazy\" decoding=\"async\" width=\"95\" height=\"154\" src=\"https:\/\/www.trouville.fr\/bibliotheque\/wp-content\/uploads\/2021\/03\/solovki.jpg\" alt=\"\" class=\"wp-image-1406\"\/><figcaption>Edtions du masque &#8211; 2017<\/figcaption><\/figure>\n<\/div><\/div>\n<\/div><\/div>\n<\/div>\n\n\n\n<div class=\"wp-block-column is-vertically-aligned-center is-layout-flow wp-block-column-is-layout-flow\" style=\"flex-basis:90%\">\n<div class=\"wp-block-group\"><div class=\"wp-block-group__inner-container is-layout-flow wp-block-group-is-layout-flow\">\n<h4 class=\"wp-block-heading\">Solovki<br>Claudio Gunta<\/h4>\n<\/div><\/div>\n\n\n\n<div class=\"wp-block-group\"><div class=\"wp-block-group__inner-container is-layout-flow wp-block-group-is-layout-flow\">\n<blockquote class=\"wp-block-quote is-style-default is-layout-flow wp-block-quote-is-layout-flow\"><p>Il y a bien s\u00fbr l&rsquo;intrigue polici\u00e8re qui se passe sur les \u00eeles Solovki, en mer Blanche, avec son monast\u00e8re &#8211; devenu sous Staline l&rsquo;un des plus sinistres goulags de l&rsquo;\u00e8re sovi\u00e9tique &#8211; son climat extr\u00eame et ses personnages pour la plupart bien \u00ab\u00a0tremp\u00e9s\u00a0\u00bb; intrigue sous la forme d&rsquo;une enqu\u00eate journalistique de plus en plus sourde et mena\u00e7ante au fil des pages men\u00e9e par un journaliste italien \u00ab\u00a0rat\u00e9\u00a0\u00bb. Mais il y a aussi un portrait int\u00e9ressant de la soci\u00e9t\u00e9 italienne contemporaine doubl\u00e9 de r\u00e9flexions sans concession sur la g\u00e9n\u00e9ration de trentenaires plut\u00f4t perdue.<\/p><\/blockquote>\n<\/div><\/div>\n<\/div>\n<\/div>\n\n\n\n<div class=\"wp-block-columns alignwide are-vertically-aligned-center is-layout-flex wp-container-core-columns-is-layout-9d6595d7 wp-block-columns-is-layout-flex\">\n<div class=\"wp-block-column is-vertically-aligned-center is-layout-flow wp-block-column-is-layout-flow\" style=\"flex-basis:10%\">\n<div class=\"wp-block-group\"><div class=\"wp-block-group__inner-container is-layout-flow wp-block-group-is-layout-flow\">\n<div class=\"wp-block-group\"><div class=\"wp-block-group__inner-container is-layout-flow wp-block-group-is-layout-flow\">\n<figure class=\"wp-block-image size-large\"><img loading=\"lazy\" decoding=\"async\" width=\"95\" height=\"151\" src=\"https:\/\/www.trouville.fr\/bibliotheque\/wp-content\/uploads\/2021\/03\/dernier-desir.jpg\" alt=\"\" class=\"wp-image-1261\"\/><figcaption>2013<\/figcaption><\/figure>\n<\/div><\/div>\n<\/div><\/div>\n<\/div>\n\n\n\n<div class=\"wp-block-column is-vertically-aligned-center is-layout-flow wp-block-column-is-layout-flow\" style=\"flex-basis:90%\">\n<div class=\"wp-block-group\"><div class=\"wp-block-group__inner-container is-layout-flow wp-block-group-is-layout-flow\">\n<h4 class=\"wp-block-heading\">Tel p\u00e8re, tel fils<br>Hirozaku Kore-eda<\/h4>\n<\/div><\/div>\n\n\n\n<div class=\"wp-block-group\"><div class=\"wp-block-group__inner-container is-layout-flow wp-block-group-is-layout-flow\">\n<blockquote class=\"wp-block-quote is-style-default is-layout-flow wp-block-quote-is-layout-flow\"><p>Ce tr\u00e8s beau film japonais qui a obtenu le prix du jury au Festival de Cannes en 2013, nous questionne sur les liens du sang et les liens de l&rsquo;amour : deux b\u00e9b\u00e9s sont \u00e9chang\u00e9s \u00e0 la maternit\u00e9 et sont \u00e9lev\u00e9s durant leurs six premi\u00e8res ann\u00e9es par leurs parents adoptifs \u2013 apparemment que tout s\u00e9pare \u2013 jusqu&rsquo;au jour o\u00f9 \u2026<\/p><p>Le jeu des interpr\u00e8tes, tout en finesse, retranscrit de mani\u00e8re tr\u00e8s juste cet \u00e9branlement int\u00e9rieur qui va amener chacun a d\u00e9pass\u00e9 ses contradictions.<\/p><\/blockquote>\n<\/div><\/div>\n<\/div>\n<\/div>\n\n\n\n<div class=\"wp-block-columns alignwide are-vertically-aligned-center is-layout-flex wp-container-core-columns-is-layout-9d6595d7 wp-block-columns-is-layout-flex\">\n<div class=\"wp-block-column is-vertically-aligned-center is-layout-flow wp-block-column-is-layout-flow\" style=\"flex-basis:10%\">\n<div class=\"wp-block-group\"><div class=\"wp-block-group__inner-container is-layout-flow wp-block-group-is-layout-flow\">\n<div class=\"wp-block-group\"><div class=\"wp-block-group__inner-container is-layout-flow wp-block-group-is-layout-flow\">\n<figure class=\"wp-block-image size-large\"><img loading=\"lazy\" decoding=\"async\" width=\"95\" height=\"150\" src=\"https:\/\/www.trouville.fr\/bibliotheque\/wp-content\/uploads\/2021\/03\/cvt_Pour-lamour-des-livres_3719.jpg\" alt=\"\" class=\"wp-image-1396\"\/><figcaption>Gallimard &#8211; 2019<\/figcaption><\/figure>\n<\/div><\/div>\n<\/div><\/div>\n<\/div>\n\n\n\n<div class=\"wp-block-column is-vertically-aligned-center is-layout-flow wp-block-column-is-layout-flow\" style=\"flex-basis:90%\">\n<div class=\"wp-block-group\"><div class=\"wp-block-group__inner-container is-layout-flow wp-block-group-is-layout-flow\">\n<h4 class=\"wp-block-heading\">Pour l&rsquo;amour des livres<br>Michel Le Bris<\/h4>\n<\/div><\/div>\n\n\n\n<div class=\"wp-block-group\"><div class=\"wp-block-group__inner-container is-layout-flow wp-block-group-is-layout-flow\">\n<blockquote class=\"wp-block-quote is-style-default is-layout-flow wp-block-quote-is-layout-flow\"><p>Un merveilleux hommage rendu aux livres, ceux qui ont fa\u00e7onn\u00e9 la vie de Michel Le Bris, qui l&rsquo;ont fait \u00e9diteur et \u00e9crivain sans oublier la cr\u00e9ation du festival Etonnants voyageurs.<\/p><p>La lecture de ces pages est enthousiasmante et tr\u00e8s stimulante au regard d&rsquo;une \u00e9poque intellectuelle riche et foisonnante.<\/p><\/blockquote>\n<\/div><\/div>\n<\/div>\n<\/div>\n\n\n\n<div class=\"wp-block-columns alignwide are-vertically-aligned-center is-layout-flex wp-container-core-columns-is-layout-9d6595d7 wp-block-columns-is-layout-flex\">\n<div class=\"wp-block-column is-vertically-aligned-center is-layout-flow wp-block-column-is-layout-flow\" style=\"flex-basis:10%\">\n<div class=\"wp-block-group\"><div class=\"wp-block-group__inner-container is-layout-flow wp-block-group-is-layout-flow\">\n<div class=\"wp-block-group\"><div class=\"wp-block-group__inner-container is-layout-flow wp-block-group-is-layout-flow\">\n<figure class=\"wp-block-image size-large\"><img loading=\"lazy\" decoding=\"async\" width=\"95\" height=\"156\" src=\"https:\/\/www.trouville.fr\/bibliotheque\/wp-content\/uploads\/2021\/03\/tour-de-loie.jpg\" alt=\"\" class=\"wp-image-1407\"\/><figcaption>Gallimard &#8211; 2019<\/figcaption><\/figure>\n<\/div><\/div>\n<\/div><\/div>\n<\/div>\n\n\n\n<div class=\"wp-block-column is-vertically-aligned-center is-layout-flow wp-block-column-is-layout-flow\" style=\"flex-basis:90%\">\n<div class=\"wp-block-group\"><div class=\"wp-block-group__inner-container is-layout-flow wp-block-group-is-layout-flow\">\n<h4 class=\"wp-block-heading\">La tour de l&rsquo;oie<br>Erri de Luca<\/h4>\n<\/div><\/div>\n\n\n\n<div class=\"wp-block-group\"><div class=\"wp-block-group__inner-container is-layout-flow wp-block-group-is-layout-flow\">\n<blockquote class=\"wp-block-quote is-style-default is-layout-flow wp-block-quote-is-layout-flow\"><p>Erri De Luca, un soir, se met \u00e0 parler \u00e0 voix haute au fils qu&rsquo;il n&rsquo;a pas eu. C&rsquo;est l&rsquo;occasion d&rsquo;une introspection sur lui-m\u00eame, ses engagements et les \u00e9v\u00e8nements qui ont marqu\u00e9 sa vie. Comme toujours avec Erri de Luca, c&rsquo;est sensible et intelligent.<\/p><\/blockquote>\n<\/div><\/div>\n<\/div>\n<\/div>\n\n\n\n<div class=\"wp-block-columns alignwide are-vertically-aligned-center is-layout-flex wp-container-core-columns-is-layout-9d6595d7 wp-block-columns-is-layout-flex\">\n<div class=\"wp-block-column is-vertically-aligned-center is-layout-flow wp-block-column-is-layout-flow\" style=\"flex-basis:10%\">\n<div class=\"wp-block-group\"><div class=\"wp-block-group__inner-container is-layout-flow wp-block-group-is-layout-flow\">\n<div class=\"wp-block-group\"><div class=\"wp-block-group__inner-container is-layout-flow wp-block-group-is-layout-flow\">\n<figure class=\"wp-block-image size-large\"><img loading=\"lazy\" decoding=\"async\" width=\"95\" height=\"157\" src=\"https:\/\/www.trouville.fr\/bibliotheque\/wp-content\/uploads\/2021\/03\/cache-dans-la-maison.jpg\" alt=\"\" class=\"wp-image-1393\"\/><figcaption>Gallimard &#8211; 2017<\/figcaption><\/figure>\n<\/div><\/div>\n<\/div><\/div>\n<\/div>\n\n\n\n<div class=\"wp-block-column is-vertically-aligned-center is-layout-flow wp-block-column-is-layout-flow\" style=\"flex-basis:90%\">\n<div class=\"wp-block-group\"><div class=\"wp-block-group__inner-container is-layout-flow wp-block-group-is-layout-flow\">\n<h4 class=\"wp-block-heading\">Cach\u00e9 dans la maison des fous<br>Didier Daeninckx<\/h4>\n<\/div><\/div>\n\n\n\n<div class=\"wp-block-group\"><div class=\"wp-block-group__inner-container is-layout-flow wp-block-group-is-layout-flow\">\n<blockquote class=\"wp-block-quote is-style-default is-layout-flow wp-block-quote-is-layout-flow\"><p>Un roman passionnant sur l&rsquo;asile de fous de Saint-Alban-sur-Limagnole, en Loz\u00e8re, pendant l&rsquo;Occupation, \u00e0 la t\u00eate duquel deux psychiatres organisent la r\u00e9sistance \u00e0 l&#8217;embrigadement des fous et \u00e0 leur n\u00e9gation. Conjointement, ils recueillent les r\u00e9sistants : Denise Glazer fuyant les lois anti-juives ainsi que Paul Eluard et sa femme Nusch.<\/p><\/blockquote>\n\n\n\n<p><\/p>\n<\/div><\/div>\n<\/div>\n<\/div>\n\n\n\n<div class=\"wp-block-columns alignwide are-vertically-aligned-center is-layout-flex wp-container-core-columns-is-layout-9d6595d7 wp-block-columns-is-layout-flex\">\n<div class=\"wp-block-column is-vertically-aligned-center is-layout-flow wp-block-column-is-layout-flow\" style=\"flex-basis:10%\">\n<div class=\"wp-block-group\"><div class=\"wp-block-group__inner-container is-layout-flow wp-block-group-is-layout-flow\">\n<div class=\"wp-block-group\"><div class=\"wp-block-group__inner-container is-layout-flow wp-block-group-is-layout-flow\">\n<figure class=\"wp-block-image size-large\"><img loading=\"lazy\" decoding=\"async\" width=\"95\" height=\"150\" src=\"https:\/\/www.trouville.fr\/bibliotheque\/wp-content\/uploads\/2021\/03\/desobeir.jpg\" alt=\"\" class=\"wp-image-1398\"\/><figcaption>Albin Michel &#8211; 2018<\/figcaption><\/figure>\n<\/div><\/div>\n<\/div><\/div>\n<\/div>\n\n\n\n<div class=\"wp-block-column is-vertically-aligned-center is-layout-flow wp-block-column-is-layout-flow\" style=\"flex-basis:90%\">\n<div class=\"wp-block-group\"><div class=\"wp-block-group__inner-container is-layout-flow wp-block-group-is-layout-flow\">\n<h4 class=\"wp-block-heading\">D\u00e9sob\u00e9ir<br>Fr\u00e9d\u00e9ric Gros<\/h4>\n<\/div><\/div>\n\n\n\n<div class=\"wp-block-group\"><div class=\"wp-block-group__inner-container is-layout-flow wp-block-group-is-layout-flow\">\n<blockquote class=\"wp-block-quote is-style-default is-layout-flow wp-block-quote-is-layout-flow\"><p>La pens\u00e9e philosophique, en m\u00eame temps qu&rsquo;elle nous enjoint de ne jamais c\u00e9der aux \u00e9vidences et aux g\u00e9n\u00e9ralit\u00e9s, nous fait retrouver le sens de la responsabilit\u00e9 politique. A l&rsquo;heure o\u00f9 les d\u00e9cisions des experts se pr\u00e9sentent comme le r\u00e9sultat de statistiques glac\u00e9es et de calculs anonymes, d\u00e9sob\u00e9ir devient une affirmation d&rsquo;humanit\u00e9.<\/p><p>Philosopher, c&rsquo;est d\u00e9sob\u00e9ir. Ce livre en appelle \u00e0 la d\u00e9mocratie critique et \u00e0 la r\u00e9sistance \u00e9thique.<\/p><\/blockquote>\n\n\n\n<p><\/p>\n<\/div><\/div>\n<\/div>\n<\/div>\n\n\n\n<div class=\"wp-block-columns alignwide are-vertically-aligned-center is-layout-flex wp-container-core-columns-is-layout-9d6595d7 wp-block-columns-is-layout-flex\">\n<div class=\"wp-block-column is-vertically-aligned-center is-layout-flow wp-block-column-is-layout-flow\" style=\"flex-basis:10%\">\n<div class=\"wp-block-group\"><div class=\"wp-block-group__inner-container is-layout-flow wp-block-group-is-layout-flow\">\n<div class=\"wp-block-group\"><div class=\"wp-block-group__inner-container is-layout-flow wp-block-group-is-layout-flow\">\n<figure class=\"wp-block-image size-large\"><img loading=\"lazy\" decoding=\"async\" width=\"95\" height=\"156\" src=\"https:\/\/www.trouville.fr\/bibliotheque\/wp-content\/uploads\/2021\/03\/train-derlingen.jpg\" alt=\"\" class=\"wp-image-1408\"\/><figcaption>Gallimard &#8211; 2017<\/figcaption><\/figure>\n<\/div><\/div>\n<\/div><\/div>\n<\/div>\n\n\n\n<div class=\"wp-block-column is-vertically-aligned-center is-layout-flow wp-block-column-is-layout-flow\" style=\"flex-basis:90%\">\n<div class=\"wp-block-group\"><div class=\"wp-block-group__inner-container is-layout-flow wp-block-group-is-layout-flow\">\n<h4 class=\"wp-block-heading\">Le train d&rsquo;Erlingen ou la m\u00e9tamorphose de Dieu<br>Boualem Sansal<\/h4>\n<\/div><\/div>\n\n\n\n<div class=\"wp-block-group\"><div class=\"wp-block-group__inner-container is-layout-flow wp-block-group-is-layout-flow\">\n<blockquote class=\"wp-block-quote is-style-default is-layout-flow wp-block-quote-is-layout-flow\"><p>Roman \u00e9poustouflant qui entrem\u00eale deux histoires, l&rsquo;une sur fond d&rsquo;attentat islamiste du 13 novembre 2015 \u00e0 Paris, l&rsquo;autre sur fond de si\u00e8ge d&rsquo;une ville en Allemagne par un ennemi qui a d\u00e9cid\u00e9 de faire de la soumission \u00e0 son dieu la loi unique de l&rsquo;humanit\u00e9 et d&rsquo;un train fant\u00f4me qui tarde \u00e0 venir pour \u00e9vacuer la population\u2026 et qui ne viendra pas\u2026.<\/p><p>Le roman est sans cesse entrecoup\u00e9 de r\u00e9f\u00e9rences \u00e0 Kafka \u2013 \u00ab\u00a0La m\u00e9tamorphose\u00a0\u00bb \u2013 \u00e0 Dino Buzzati \u2013 \u00ab\u00a0Le d\u00e9sert des Tartares\u00a0\u00bb- mais surtout \u00e0 Henry David Thoreau -\u00ab\u00a0Walden ou la vie dans les bois\u00a0\u00bb \u2013 pour une \u00e9cologie de la vie salutaire face \u00e0 la propension des humains \u00e0 se soumettre docilement et si facilement. A mettre entre toutes les mains et \u00e0 d\u00e9couvrir, du m\u00eame auteur, \u00ab\u00a0Le village de l&rsquo;allemand ou le journal des fr\u00e8res Schiller\u00a0\u00bb (2008) et \u00ab\u00a02084 : la fin du monde\u00a0\u00bb (2015).<\/p><\/blockquote>\n\n\n\n<p><\/p>\n<\/div><\/div>\n<\/div>\n<\/div>\n\n\n\n<div class=\"wp-block-columns alignwide are-vertically-aligned-center is-layout-flex wp-container-core-columns-is-layout-9d6595d7 wp-block-columns-is-layout-flex\">\n<div class=\"wp-block-column is-vertically-aligned-center is-layout-flow wp-block-column-is-layout-flow\" style=\"flex-basis:10%\">\n<div class=\"wp-block-group\"><div class=\"wp-block-group__inner-container is-layout-flow wp-block-group-is-layout-flow\">\n<div class=\"wp-block-group\"><div class=\"wp-block-group__inner-container is-layout-flow wp-block-group-is-layout-flow\">\n<figure class=\"wp-block-image size-large\"><img loading=\"lazy\" decoding=\"async\" width=\"95\" height=\"148\" src=\"https:\/\/www.trouville.fr\/bibliotheque\/wp-content\/uploads\/2021\/03\/requiem-pour-le-reve.jpg\" alt=\"\" class=\"wp-image-1405\"\/><figcaption>Flammarion &#8211; 2017<\/figcaption><\/figure>\n<\/div><\/div>\n<\/div><\/div>\n<\/div>\n\n\n\n<div class=\"wp-block-column is-vertically-aligned-center is-layout-flow wp-block-column-is-layout-flow\" style=\"flex-basis:90%\">\n<div class=\"wp-block-group\"><div class=\"wp-block-group__inner-container is-layout-flow wp-block-group-is-layout-flow\">\n<h4 class=\"wp-block-heading\">Requiem pour le r\u00eave am\u00e9ricain<br>Noam Chomsky<\/h4>\n<\/div><\/div>\n\n\n\n<div class=\"wp-block-group\"><div class=\"wp-block-group__inner-container is-layout-flow wp-block-group-is-layout-flow\">\n<blockquote class=\"wp-block-quote is-style-default is-layout-flow wp-block-quote-is-layout-flow\"><p>Une essai tout \u00e0 fait abordable et tellement lucide sur le mod\u00e8le \u00e9conomique am\u00e9ricain, depuis la fin de l&rsquo;esclavage jusqu&rsquo;\u00e0 l&rsquo;\u00e8re Trump avec un constat terrifiant : la fin de la mobilit\u00e9 sociale, la concentration de la richesse et du pouvoir aux mains d&rsquo;une infime minorit\u00e9 dont la devise est \u00ab\u00a0Tout pour nous, rien pour les autres\u00a0\u00bb. Une devise qui concerne aujourd&rsquo;hui toute la plan\u00e8te\u2026<\/p><p>Noam Chomski , face aux in\u00e9galit\u00e9s de plus en plus criantes, appel au r\u00e9veil de la majorit\u00e9. C&rsquo;est dans les actes les plus quotidiens de tous les anonymes de la plan\u00e8te que nous pourrons redevenir \u00ab\u00a0ma\u00eetres\u00a0\u00bb de notre avenir.<\/p><\/blockquote>\n\n\n\n<p><\/p>\n<\/div><\/div>\n<\/div>\n<\/div>\n<\/div><\/div>\n<\/div><\/div>\n","protected":false},"excerpt":{"rendered":"<p>Retrouvez ici tous les coups de c\u0153ur de notre ancien site internet.<\/p>\n","protected":false},"author":2,"featured_media":1245,"comment_status":"closed","ping_status":"closed","sticky":false,"template":"","format":"standard","meta":{"ocean_post_layout":"","ocean_both_sidebars_style":"","ocean_both_sidebars_content_width":0,"ocean_both_sidebars_sidebars_width":0,"ocean_sidebar":"0","ocean_second_sidebar":"0","ocean_disable_margins":"on","ocean_add_body_class":"","ocean_shortcode_before_top_bar":"","ocean_shortcode_after_top_bar":"","ocean_shortcode_before_header":"","ocean_shortcode_after_header":"","ocean_has_shortcode":"","ocean_shortcode_after_title":"","ocean_shortcode_before_footer_widgets":"","ocean_shortcode_after_footer_widgets":"","ocean_shortcode_before_footer_bottom":"","ocean_shortcode_after_footer_bottom":"","ocean_display_top_bar":"default","ocean_display_header":"default","ocean_header_style":"","ocean_center_header_left_menu":"0","ocean_custom_header_template":"0","ocean_custom_logo":0,"ocean_custom_retina_logo":0,"ocean_custom_logo_max_width":0,"ocean_custom_logo_tablet_max_width":0,"ocean_custom_logo_mobile_max_width":0,"ocean_custom_logo_max_height":0,"ocean_custom_logo_tablet_max_height":0,"ocean_custom_logo_mobile_max_height":0,"ocean_header_custom_menu":"0","ocean_menu_typo_font_family":"0","ocean_menu_typo_font_subset":"","ocean_menu_typo_font_size":0,"ocean_menu_typo_font_size_tablet":0,"ocean_menu_typo_font_size_mobile":0,"ocean_menu_typo_font_size_unit":"px","ocean_menu_typo_font_weight":"","ocean_menu_typo_font_weight_tablet":"","ocean_menu_typo_font_weight_mobile":"","ocean_menu_typo_transform":"","ocean_menu_typo_transform_tablet":"","ocean_menu_typo_transform_mobile":"","ocean_menu_typo_line_height":0,"ocean_menu_typo_line_height_tablet":0,"ocean_menu_typo_line_height_mobile":0,"ocean_menu_typo_line_height_unit":"","ocean_menu_typo_spacing":0,"ocean_menu_typo_spacing_tablet":0,"ocean_menu_typo_spacing_mobile":0,"ocean_menu_typo_spacing_unit":"","ocean_menu_link_color":"","ocean_menu_link_color_hover":"","ocean_menu_link_color_active":"","ocean_menu_link_background":"","ocean_menu_link_hover_background":"","ocean_menu_link_active_background":"","ocean_menu_social_links_bg":"","ocean_menu_social_hover_links_bg":"","ocean_menu_social_links_color":"","ocean_menu_social_hover_links_color":"","ocean_disable_title":"default","ocean_disable_heading":"default","ocean_post_title":"","ocean_post_subheading":"","ocean_post_title_style":"","ocean_post_title_background_color":"","ocean_post_title_background":0,"ocean_post_title_bg_image_position":"","ocean_post_title_bg_image_attachment":"","ocean_post_title_bg_image_repeat":"","ocean_post_title_bg_image_size":"","ocean_post_title_height":0,"ocean_post_title_bg_overlay":0.5,"ocean_post_title_bg_overlay_color":"","ocean_disable_breadcrumbs":"default","ocean_breadcrumbs_color":"","ocean_breadcrumbs_separator_color":"","ocean_breadcrumbs_links_color":"","ocean_breadcrumbs_links_hover_color":"","ocean_display_footer_widgets":"default","ocean_display_footer_bottom":"default","ocean_custom_footer_template":"0","ocean_post_oembed":"","ocean_post_self_hosted_media":"","ocean_post_video_embed":"","ocean_link_format":"","ocean_link_format_target":"self","ocean_quote_format":"","ocean_quote_format_link":"post","ocean_gallery_link_images":"off","ocean_gallery_id":[],"footnotes":""},"categories":[3],"tags":[],"class_list":["post-1244","post","type-post","status-publish","format-standard","has-post-thumbnail","hentry","category-coups-de-coeur","entry","has-media"],"_links":{"self":[{"href":"https:\/\/www.trouville.fr\/bibliotheque\/wp-json\/wp\/v2\/posts\/1244","targetHints":{"allow":["GET"]}}],"collection":[{"href":"https:\/\/www.trouville.fr\/bibliotheque\/wp-json\/wp\/v2\/posts"}],"about":[{"href":"https:\/\/www.trouville.fr\/bibliotheque\/wp-json\/wp\/v2\/types\/post"}],"author":[{"embeddable":true,"href":"https:\/\/www.trouville.fr\/bibliotheque\/wp-json\/wp\/v2\/users\/2"}],"replies":[{"embeddable":true,"href":"https:\/\/www.trouville.fr\/bibliotheque\/wp-json\/wp\/v2\/comments?post=1244"}],"version-history":[{"count":93,"href":"https:\/\/www.trouville.fr\/bibliotheque\/wp-json\/wp\/v2\/posts\/1244\/revisions"}],"predecessor-version":[{"id":1912,"href":"https:\/\/www.trouville.fr\/bibliotheque\/wp-json\/wp\/v2\/posts\/1244\/revisions\/1912"}],"wp:featuredmedia":[{"embeddable":true,"href":"https:\/\/www.trouville.fr\/bibliotheque\/wp-json\/wp\/v2\/media\/1245"}],"wp:attachment":[{"href":"https:\/\/www.trouville.fr\/bibliotheque\/wp-json\/wp\/v2\/media?parent=1244"}],"wp:term":[{"taxonomy":"category","embeddable":true,"href":"https:\/\/www.trouville.fr\/bibliotheque\/wp-json\/wp\/v2\/categories?post=1244"},{"taxonomy":"post_tag","embeddable":true,"href":"https:\/\/www.trouville.fr\/bibliotheque\/wp-json\/wp\/v2\/tags?post=1244"}],"curies":[{"name":"wp","href":"https:\/\/api.w.org\/{rel}","templated":true}]}}